{"id":8109,"date":"2022-01-31T18:35:00","date_gmt":"2022-01-31T18:35:00","guid":{"rendered":"https:\/\/www.djurskyddet.se\/landskrona\/?p=8109"},"modified":"2022-02-18T18:37:29","modified_gmt":"2022-02-18T18:37:29","slug":"alma","status":"publish","type":"post","link":"https:\/\/www.djurskyddet.se\/landskrona\/senaste-nytt\/alma\/","title":{"rendered":"Alma"},"content":{"rendered":"\n<figure class=\"wp-block-image size-full\"><img loading=\"lazy\" decoding=\"async\" width=\"526\" height=\"701\" src=\"https:\/\/www.djurskyddet.se\/landskrona\/wp-content\/uploads\/sites\/22\/2022\/02\/Alma.jpg\" alt=\"\" class=\"wp-image-8110\" srcset=\"https:\/\/www.djurskyddet.se\/landskrona\/wp-content\/uploads\/sites\/22\/2022\/02\/Alma.jpg 526w, https:\/\/www.djurskyddet.se\/landskrona\/wp-content\/uploads\/sites\/22\/2022\/02\/Alma-225x300.jpg 225w, https:\/\/www.djurskyddet.se\/landskrona\/wp-content\/uploads\/sites\/22\/2022\/02\/Alma-400x533.jpg 400w\" sizes=\"auto, (max-width: 526px) 100vw, 526px\" \/><\/figure>\n\n\n\n<p>Nu \u00e4r det klart! Alma har blivit adopterad 31\/1, och f\u00e5r stanna i jourhemmet.<\/p>\n\n\n\n<p>Vi fick nyligen ett nytt jourhem. I m\u00e5ndags, 6\/12, tog vi in lilla Alma fr\u00e5n ett \u00e4rende d\u00e4r vi redan tidigare tagit in tre katter 28\/11. Det uppstod k\u00e4rlek direkt mellan lilla Alma och jourhemsmatte, som kommer att adoptera Alma.<\/p>\n","protected":false},"excerpt":{"rendered":"<p>Nu \u00e4r det klart! Alma har blivit adopterad 31\/1, och f\u00e5r stanna i jourhemmet. Vi fick nyligen ett nytt jourhem. I m\u00e5ndags, 6\/12, tog vi in lilla Alma fr\u00e5n ett \u00e4rende d\u00e4r vi redan tidigare tagit in tre katter 28\/11. Det uppstod k\u00e4rlek direkt mellan lilla Alma och jourhemsmatte, som kommer att adoptera Alma.<\/p>\n","protected":false},"author":27,"featured_media":0,"comment_status":"closed","ping_status":"open","sticky":false,"template":"","format":"standard","meta":{"_acf_changed":false,"footnotes":""},"categories":[18],"tags":[],"class_list":["post-8109","post","type-post","status-publish","format-standard","hentry","category-senaste-nytt"],"acf":[],"_links":{"self":[{"href":"https:\/\/www.djurskyddet.se\/landskrona\/wp-json\/wp\/v2\/posts\/8109","targetHints":{"allow":["GET"]}}],"collection":[{"href":"https:\/\/www.djurskyddet.se\/landskrona\/wp-json\/wp\/v2\/posts"}],"about":[{"href":"https:\/\/www.djurskyddet.se\/landskrona\/wp-json\/wp\/v2\/types\/post"}],"author":[{"embeddable":true,"href":"https:\/\/www.djurskyddet.se\/landskrona\/wp-json\/wp\/v2\/users\/27"}],"replies":[{"embeddable":true,"href":"https:\/\/www.djurskyddet.se\/landskrona\/wp-json\/wp\/v2\/comments?post=8109"}],"version-history":[{"count":1,"href":"https:\/\/www.djurskyddet.se\/landskrona\/wp-json\/wp\/v2\/posts\/8109\/revisions"}],"predecessor-version":[{"id":8111,"href":"https:\/\/www.djurskyddet.se\/landskrona\/wp-json\/wp\/v2\/posts\/8109\/revisions\/8111"}],"wp:attachment":[{"href":"https:\/\/www.djurskyddet.se\/landskrona\/wp-json\/wp\/v2\/media?parent=8109"}],"wp:term":[{"taxonomy":"category","embeddable":true,"href":"https:\/\/www.djurskyddet.se\/landskrona\/wp-json\/wp\/v2\/categories?post=8109"},{"taxonomy":"post_tag","embeddable":true,"href":"https:\/\/www.djurskyddet.se\/landskrona\/wp-json\/wp\/v2\/tags?post=8109"}],"curies":[{"name":"wp","href":"https:\/\/api.w.org\/{rel}","templated":true}]}}