{"id":8117,"date":"2022-02-02T18:43:00","date_gmt":"2022-02-02T18:43:00","guid":{"rendered":"https:\/\/www.djurskyddet.se\/landskrona\/?p=8117"},"modified":"2022-02-18T18:44:22","modified_gmt":"2022-02-18T18:44:22","slug":"angela-merkel-3","status":"publish","type":"post","link":"https:\/\/www.djurskyddet.se\/landskrona\/senaste-nytt\/angela-merkel-3\/","title":{"rendered":"Angela Merkel"},"content":{"rendered":"\n<figure class=\"wp-block-image size-full\"><img loading=\"lazy\" decoding=\"async\" width=\"538\" height=\"717\" src=\"https:\/\/www.djurskyddet.se\/landskrona\/wp-content\/uploads\/sites\/22\/2021\/12\/Angela-Merkel2.jpg\" alt=\"\" class=\"wp-image-7958\" srcset=\"https:\/\/www.djurskyddet.se\/landskrona\/wp-content\/uploads\/sites\/22\/2021\/12\/Angela-Merkel2.jpg 538w, https:\/\/www.djurskyddet.se\/landskrona\/wp-content\/uploads\/sites\/22\/2021\/12\/Angela-Merkel2-225x300.jpg 225w, https:\/\/www.djurskyddet.se\/landskrona\/wp-content\/uploads\/sites\/22\/2021\/12\/Angela-Merkel2-400x533.jpg 400w\" sizes=\"auto, (max-width: 538px) 100vw, 538px\" \/><\/figure>\n\n\n\n<p>Ig\u00e5r, 2\/2, flyttade Angela Merkel till sitt nya hem i Malm\u00f6. Hon b\u00f6rjade genast unders\u00f6ka sitt nya hem. Lycka till gumman!<br>Angela Merkel som fick ett nytt hem i september 2021 har nu f\u00e5tt komma tillbaka till oss d\u00e5 hennes \u00e4gare blev hastigt sjuk och inte l\u00e4ngre kan ta hand om henne. Hon \u00e4r en lugn, trygg och kelen liten dam p\u00e5 7 \u00e5r, som nu \u00e5ter beh\u00f6ver ett nytt hem.<\/p>\n","protected":false},"excerpt":{"rendered":"<p>Ig\u00e5r, 2\/2, flyttade Angela Merkel till sitt nya hem i Malm\u00f6. Hon b\u00f6rjade genast unders\u00f6ka sitt nya hem. Lycka till gumman!Angela Merkel som fick ett nytt hem i september 2021 har nu f\u00e5tt komma tillbaka till oss d\u00e5 hennes \u00e4gare blev hastigt sjuk och inte l\u00e4ngre kan ta hand om henne. Hon \u00e4r en lugn, trygg och kelen liten dam p\u00e5 7 \u00e5r, som nu \u00e5ter beh\u00f6ver ett nytt hem.<\/p>\n","protected":false},"author":27,"featured_media":0,"comment_status":"closed","ping_status":"open","sticky":false,"template":"","format":"standard","meta":{"_acf_changed":false,"footnotes":""},"categories":[18],"tags":[],"class_list":["post-8117","post","type-post","status-publish","format-standard","hentry","category-senaste-nytt"],"acf":[],"_links":{"self":[{"href":"https:\/\/www.djurskyddet.se\/landskrona\/wp-json\/wp\/v2\/posts\/8117","targetHints":{"allow":["GET"]}}],"collection":[{"href":"https:\/\/www.djurskyddet.se\/landskrona\/wp-json\/wp\/v2\/posts"}],"about":[{"href":"https:\/\/www.djurskyddet.se\/landskrona\/wp-json\/wp\/v2\/types\/post"}],"author":[{"embeddable":true,"href":"https:\/\/www.djurskyddet.se\/landskrona\/wp-json\/wp\/v2\/users\/27"}],"replies":[{"embeddable":true,"href":"https:\/\/www.djurskyddet.se\/landskrona\/wp-json\/wp\/v2\/comments?post=8117"}],"version-history":[{"count":1,"href":"https:\/\/www.djurskyddet.se\/landskrona\/wp-json\/wp\/v2\/posts\/8117\/revisions"}],"predecessor-version":[{"id":8118,"href":"https:\/\/www.djurskyddet.se\/landskrona\/wp-json\/wp\/v2\/posts\/8117\/revisions\/8118"}],"wp:attachment":[{"href":"https:\/\/www.djurskyddet.se\/landskrona\/wp-json\/wp\/v2\/media?parent=8117"}],"wp:term":[{"taxonomy":"category","embeddable":true,"href":"https:\/\/www.djurskyddet.se\/landskrona\/wp-json\/wp\/v2\/categories?post=8117"},{"taxonomy":"post_tag","embeddable":true,"href":"https:\/\/www.djurskyddet.se\/landskrona\/wp-json\/wp\/v2\/tags?post=8117"}],"curies":[{"name":"wp","href":"https:\/\/api.w.org\/{rel}","templated":true}]}}