{"id":8124,"date":"2022-02-11T18:48:00","date_gmt":"2022-02-11T18:48:00","guid":{"rendered":"https:\/\/www.djurskyddet.se\/landskrona\/?p=8124"},"modified":"2022-02-18T18:51:32","modified_gmt":"2022-02-18T18:51:32","slug":"alice-och-vilda-2","status":"publish","type":"post","link":"https:\/\/www.djurskyddet.se\/landskrona\/senaste-nytt\/alice-och-vilda-2\/","title":{"rendered":"Alice och Vilda"},"content":{"rendered":"\n<figure class=\"wp-block-image size-full\"><img loading=\"lazy\" decoding=\"async\" width=\"720\" height=\"741\" src=\"https:\/\/www.djurskyddet.se\/landskrona\/wp-content\/uploads\/sites\/22\/2022\/02\/Alice-och-Vilda3.jpg\" alt=\"\" class=\"wp-image-8125\" srcset=\"https:\/\/www.djurskyddet.se\/landskrona\/wp-content\/uploads\/sites\/22\/2022\/02\/Alice-och-Vilda3.jpg 720w, https:\/\/www.djurskyddet.se\/landskrona\/wp-content\/uploads\/sites\/22\/2022\/02\/Alice-och-Vilda3-291x300.jpg 291w, https:\/\/www.djurskyddet.se\/landskrona\/wp-content\/uploads\/sites\/22\/2022\/02\/Alice-och-Vilda3-400x412.jpg 400w\" sizes=\"auto, (max-width: 720px) 100vw, 720px\" \/><\/figure>\n\n\n\n<p>Ig\u00e5r, 11\/2, flyttade Alice och Vilda till sitt nya hem i Landskrona. \u00c4ntligen var det deras tur att f\u00e5 ett hem som \u00e4r berett att ge dem k\u00e4rlek och tid och l\u00e5ta dem anpassa sig till sitt nya liv i sin egen takt.<\/p>\n\n\n\n<p>Alice och Vilda finns i jourhem i Teckomatorp.<br>Alice (sk\u00f6ldpaddsf\u00e4rgad) och Vilda (gr\u00e5\/vit) \u00e4r tv\u00e5 underbara kattflickor som funnit tryggheten hos varandra i jourhemmet och som bara adopteras ut tillsammans. Deras favoritlek \u00e4r hela havet stormar. I b\u00f6rjan satt Alice p\u00e5 golvet som \u00e5sk\u00e5dare och Vilda, som kom till jourhemmet f\u00f6rst, visade hur man gjorde. Nu leker de tillsammans. Alice \u00e4r 4 \u00e5r. Hon \u00e4r pratsam men lite blyg f\u00f6r fr\u00e4mmande men brukar komma fram efter en stund. Hon sover f\u00f6r det mesta p\u00e5 golvet men har b\u00f6rjat komma upp i m\u00f6blerna mer och mer. Vilda \u00e4r troligen i samma \u00e5lder, 4 \u00e5r. Hon togs in tillsammans med flera andra katter 2019 fr\u00e5n Vadensj\u00f6. Hon var d\u00e5 dr\u00e4ktig och fick f\u00f6da sina ungar i tryggheten i jourhemmet. Vilda adopterades senare ut till ett hem, men det fungerade tyv\u00e4rr inte eftersom Vilda beh\u00f6ver tryggheten av en annan katt. Nu n\u00e4r hon f\u00e5tt det ligger hon g\u00e4rna och myser i s\u00e4ngen och soffan men vill fortfarande inte bli klappad. Dessa tv\u00e5 flickor s\u00f6ker ett gemensamt hem d\u00e4r de kan f\u00e5 tid och lugn f\u00f6r att bli riktigt trygga.<\/p>\n","protected":false},"excerpt":{"rendered":"<p>Ig\u00e5r, 11\/2, flyttade Alice och Vilda till sitt nya hem i Landskrona. \u00c4ntligen var det deras tur att f\u00e5 ett hem som \u00e4r berett att ge dem k\u00e4rlek och tid och l\u00e5ta dem anpassa sig till sitt nya liv i sin egen takt. Alice och Vilda finns i jourhem i Teckomatorp.Alice (sk\u00f6ldpaddsf\u00e4rgad) och Vilda (gr\u00e5\/vit) \u00e4r tv\u00e5 underbara kattflickor som funnit tryggheten hos varandra i jourhemmet och som bara adopteras&hellip;<\/p>\n<p><a class=\"more-link\" href=\"https:\/\/www.djurskyddet.se\/landskrona\/senaste-nytt\/alice-och-vilda-2\/\" title=\"Continue reading &lsquo;Alice och Vilda&rsquo;\">L&auml;s mer<span class=\"meta-nav\">&raquo;<\/span><\/a><\/p>\n","protected":false},"author":27,"featured_media":0,"comment_status":"closed","ping_status":"open","sticky":false,"template":"","format":"standard","meta":{"_acf_changed":false,"footnotes":""},"categories":[18],"tags":[],"class_list":["post-8124","post","type-post","status-publish","format-standard","hentry","category-senaste-nytt"],"acf":[],"_links":{"self":[{"href":"https:\/\/www.djurskyddet.se\/landskrona\/wp-json\/wp\/v2\/posts\/8124","targetHints":{"allow":["GET"]}}],"collection":[{"href":"https:\/\/www.djurskyddet.se\/landskrona\/wp-json\/wp\/v2\/posts"}],"about":[{"href":"https:\/\/www.djurskyddet.se\/landskrona\/wp-json\/wp\/v2\/types\/post"}],"author":[{"embeddable":true,"href":"https:\/\/www.djurskyddet.se\/landskrona\/wp-json\/wp\/v2\/users\/27"}],"replies":[{"embeddable":true,"href":"https:\/\/www.djurskyddet.se\/landskrona\/wp-json\/wp\/v2\/comments?post=8124"}],"version-history":[{"count":1,"href":"https:\/\/www.djurskyddet.se\/landskrona\/wp-json\/wp\/v2\/posts\/8124\/revisions"}],"predecessor-version":[{"id":8126,"href":"https:\/\/www.djurskyddet.se\/landskrona\/wp-json\/wp\/v2\/posts\/8124\/revisions\/8126"}],"wp:attachment":[{"href":"https:\/\/www.djurskyddet.se\/landskrona\/wp-json\/wp\/v2\/media?parent=8124"}],"wp:term":[{"taxonomy":"category","embeddable":true,"href":"https:\/\/www.djurskyddet.se\/landskrona\/wp-json\/wp\/v2\/categories?post=8124"},{"taxonomy":"post_tag","embeddable":true,"href":"https:\/\/www.djurskyddet.se\/landskrona\/wp-json\/wp\/v2\/tags?post=8124"}],"curies":[{"name":"wp","href":"https:\/\/api.w.org\/{rel}","templated":true}]}}