{"id":8152,"date":"2022-02-19T13:14:00","date_gmt":"2022-02-19T13:14:00","guid":{"rendered":"https:\/\/www.djurskyddet.se\/landskrona\/?p=8152"},"modified":"2022-03-07T13:16:10","modified_gmt":"2022-03-07T13:16:10","slug":"sierra-2","status":"publish","type":"post","link":"https:\/\/www.djurskyddet.se\/landskrona\/senaste-nytt\/sierra-2\/","title":{"rendered":"Sierra"},"content":{"rendered":"\n<figure class=\"wp-block-image size-full\"><img loading=\"lazy\" decoding=\"async\" width=\"720\" height=\"960\" src=\"https:\/\/www.djurskyddet.se\/landskrona\/wp-content\/uploads\/sites\/22\/2022\/03\/Sierra2.jpg\" alt=\"\" class=\"wp-image-8153\" srcset=\"https:\/\/www.djurskyddet.se\/landskrona\/wp-content\/uploads\/sites\/22\/2022\/03\/Sierra2.jpg 720w, https:\/\/www.djurskyddet.se\/landskrona\/wp-content\/uploads\/sites\/22\/2022\/03\/Sierra2-225x300.jpg 225w, https:\/\/www.djurskyddet.se\/landskrona\/wp-content\/uploads\/sites\/22\/2022\/03\/Sierra2-400x533.jpg 400w\" sizes=\"auto, (max-width: 720px) 100vw, 720px\" \/><\/figure>\n\n\n\n<p><\/p>\n\n\n\n<p>Ig\u00e5r, l\u00f6rdag 19\/2, flyttade lilla Sierra till sitt nya hem i Lund. Lycka till lilla gumman, denna lilla gosiga tjej kommer att f\u00f6rgylla livet f\u00f6r sin nya \u00e4gare!<\/p>\n\n\n\n<p>Sierra finns i jourhem i Hofterup, L\u00f6ddek\u00f6pinge.<\/p>\n\n\n\n<p>Sierrra, hona, f\u00f6dd 14 september, v\u00e4ldigt mjuk i sitt s\u00e4tt. Hon \u00e4r myskatten nr 1 som \u00e4r en livs levande halsduk och \u00e4lskar kli p\u00e5 magen. Myser g\u00e4rna i soffan p\u00e5 kv\u00e4llen. \u00c4r det l\u00e4ggdags s\u00e5 \u00e4r hon f\u00f6rst i s\u00e4ngen. Samtidigt full av bus och leker g\u00e4rna med godispapper och pappersbollar. Nyfiken och vill g\u00e4rna vara med \u00f6verallt. Flyttar g\u00e4rna till en kompis. Sierra \u00e4r vaccinerad 2 g\u00e5nger och chippad.<\/p>\n","protected":false},"excerpt":{"rendered":"<p>Ig\u00e5r, l\u00f6rdag 19\/2, flyttade lilla Sierra till sitt nya hem i Lund. Lycka till lilla gumman, denna lilla gosiga tjej kommer att f\u00f6rgylla livet f\u00f6r sin nya \u00e4gare! Sierra finns i jourhem i Hofterup, L\u00f6ddek\u00f6pinge. Sierrra, hona, f\u00f6dd 14 september, v\u00e4ldigt mjuk i sitt s\u00e4tt. Hon \u00e4r myskatten nr 1 som \u00e4r en livs levande halsduk och \u00e4lskar kli p\u00e5 magen. Myser g\u00e4rna i soffan p\u00e5 kv\u00e4llen. \u00c4r det l\u00e4ggdags&hellip;<\/p>\n<p><a class=\"more-link\" href=\"https:\/\/www.djurskyddet.se\/landskrona\/senaste-nytt\/sierra-2\/\" title=\"Continue reading &lsquo;Sierra&rsquo;\">L&auml;s mer<span class=\"meta-nav\">&raquo;<\/span><\/a><\/p>\n","protected":false},"author":27,"featured_media":0,"comment_status":"closed","ping_status":"open","sticky":false,"template":"","format":"standard","meta":{"_acf_changed":false,"footnotes":""},"categories":[18],"tags":[],"class_list":["post-8152","post","type-post","status-publish","format-standard","hentry","category-senaste-nytt"],"acf":[],"_links":{"self":[{"href":"https:\/\/www.djurskyddet.se\/landskrona\/wp-json\/wp\/v2\/posts\/8152","targetHints":{"allow":["GET"]}}],"collection":[{"href":"https:\/\/www.djurskyddet.se\/landskrona\/wp-json\/wp\/v2\/posts"}],"about":[{"href":"https:\/\/www.djurskyddet.se\/landskrona\/wp-json\/wp\/v2\/types\/post"}],"author":[{"embeddable":true,"href":"https:\/\/www.djurskyddet.se\/landskrona\/wp-json\/wp\/v2\/users\/27"}],"replies":[{"embeddable":true,"href":"https:\/\/www.djurskyddet.se\/landskrona\/wp-json\/wp\/v2\/comments?post=8152"}],"version-history":[{"count":1,"href":"https:\/\/www.djurskyddet.se\/landskrona\/wp-json\/wp\/v2\/posts\/8152\/revisions"}],"predecessor-version":[{"id":8154,"href":"https:\/\/www.djurskyddet.se\/landskrona\/wp-json\/wp\/v2\/posts\/8152\/revisions\/8154"}],"wp:attachment":[{"href":"https:\/\/www.djurskyddet.se\/landskrona\/wp-json\/wp\/v2\/media?parent=8152"}],"wp:term":[{"taxonomy":"category","embeddable":true,"href":"https:\/\/www.djurskyddet.se\/landskrona\/wp-json\/wp\/v2\/categories?post=8152"},{"taxonomy":"post_tag","embeddable":true,"href":"https:\/\/www.djurskyddet.se\/landskrona\/wp-json\/wp\/v2\/tags?post=8152"}],"curies":[{"name":"wp","href":"https:\/\/api.w.org\/{rel}","templated":true}]}}