{"id":8156,"date":"2022-03-04T13:17:00","date_gmt":"2022-03-04T13:17:00","guid":{"rendered":"https:\/\/www.djurskyddet.se\/landskrona\/?p=8156"},"modified":"2022-03-07T13:19:22","modified_gmt":"2022-03-07T13:19:22","slug":"berit-2","status":"publish","type":"post","link":"https:\/\/www.djurskyddet.se\/landskrona\/senaste-nytt\/berit-2\/","title":{"rendered":"Berit"},"content":{"rendered":"\n<figure class=\"wp-block-image size-full\"><img loading=\"lazy\" decoding=\"async\" width=\"684\" height=\"912\" src=\"https:\/\/www.djurskyddet.se\/landskrona\/wp-content\/uploads\/sites\/22\/2021\/12\/Berit3.jpg\" alt=\"\" class=\"wp-image-7982\" srcset=\"https:\/\/www.djurskyddet.se\/landskrona\/wp-content\/uploads\/sites\/22\/2021\/12\/Berit3.jpg 684w, https:\/\/www.djurskyddet.se\/landskrona\/wp-content\/uploads\/sites\/22\/2021\/12\/Berit3-225x300.jpg 225w, https:\/\/www.djurskyddet.se\/landskrona\/wp-content\/uploads\/sites\/22\/2021\/12\/Berit3-400x533.jpg 400w\" sizes=\"auto, (max-width: 684px) 100vw, 684px\" \/><\/figure>\n\n\n\n<p>Den 4\/3 flyttade lilla Berit till sitt nya hem i Bj\u00e4rred. Lycka till lilla gumman!<\/p>\n\n\n\n<p>Berit finns i jourhem i Landskrona.<br>Hon togs in 31\/10 och ska kastreras och vaccineras nu i december. Ber\u00e4knas klara f\u00f6r adoption efter ny\u00e5r.<\/p>\n\n\n\n<p>Berit \u00e4r en v\u00e4ldigt go tjej som \u00e4r tillbakadragen i b\u00f6rjan men sen \u00e4r hon supersocial, pratglad och \u00e4lskar att leka och kela. Hon s\u00e4ger ganska best\u00e4mt till n\u00e4r det \u00e4r dags att kela. Gillar att ligga i famnen. Fungerar bra med andra katter.<\/p>\n","protected":false},"excerpt":{"rendered":"<p>Den 4\/3 flyttade lilla Berit till sitt nya hem i Bj\u00e4rred. Lycka till lilla gumman! Berit finns i jourhem i Landskrona.Hon togs in 31\/10 och ska kastreras och vaccineras nu i december. Ber\u00e4knas klara f\u00f6r adoption efter ny\u00e5r. Berit \u00e4r en v\u00e4ldigt go tjej som \u00e4r tillbakadragen i b\u00f6rjan men sen \u00e4r hon supersocial, pratglad och \u00e4lskar att leka och kela. Hon s\u00e4ger ganska best\u00e4mt till n\u00e4r det \u00e4r dags&hellip;<\/p>\n<p><a class=\"more-link\" href=\"https:\/\/www.djurskyddet.se\/landskrona\/senaste-nytt\/berit-2\/\" title=\"Continue reading &lsquo;Berit&rsquo;\">L&auml;s mer<span class=\"meta-nav\">&raquo;<\/span><\/a><\/p>\n","protected":false},"author":27,"featured_media":0,"comment_status":"closed","ping_status":"open","sticky":false,"template":"","format":"standard","meta":{"_acf_changed":false,"footnotes":""},"categories":[18],"tags":[],"class_list":["post-8156","post","type-post","status-publish","format-standard","hentry","category-senaste-nytt"],"acf":[],"_links":{"self":[{"href":"https:\/\/www.djurskyddet.se\/landskrona\/wp-json\/wp\/v2\/posts\/8156","targetHints":{"allow":["GET"]}}],"collection":[{"href":"https:\/\/www.djurskyddet.se\/landskrona\/wp-json\/wp\/v2\/posts"}],"about":[{"href":"https:\/\/www.djurskyddet.se\/landskrona\/wp-json\/wp\/v2\/types\/post"}],"author":[{"embeddable":true,"href":"https:\/\/www.djurskyddet.se\/landskrona\/wp-json\/wp\/v2\/users\/27"}],"replies":[{"embeddable":true,"href":"https:\/\/www.djurskyddet.se\/landskrona\/wp-json\/wp\/v2\/comments?post=8156"}],"version-history":[{"count":1,"href":"https:\/\/www.djurskyddet.se\/landskrona\/wp-json\/wp\/v2\/posts\/8156\/revisions"}],"predecessor-version":[{"id":8157,"href":"https:\/\/www.djurskyddet.se\/landskrona\/wp-json\/wp\/v2\/posts\/8156\/revisions\/8157"}],"wp:attachment":[{"href":"https:\/\/www.djurskyddet.se\/landskrona\/wp-json\/wp\/v2\/media?parent=8156"}],"wp:term":[{"taxonomy":"category","embeddable":true,"href":"https:\/\/www.djurskyddet.se\/landskrona\/wp-json\/wp\/v2\/categories?post=8156"},{"taxonomy":"post_tag","embeddable":true,"href":"https:\/\/www.djurskyddet.se\/landskrona\/wp-json\/wp\/v2\/tags?post=8156"}],"curies":[{"name":"wp","href":"https:\/\/api.w.org\/{rel}","templated":true}]}}