{"id":8159,"date":"2022-03-04T13:22:00","date_gmt":"2022-03-04T13:22:00","guid":{"rendered":"https:\/\/www.djurskyddet.se\/landskrona\/?p=8159"},"modified":"2022-03-07T13:23:41","modified_gmt":"2022-03-07T13:23:41","slug":"bella-2","status":"publish","type":"post","link":"https:\/\/www.djurskyddet.se\/landskrona\/senaste-nytt\/bella-2\/","title":{"rendered":"Bella"},"content":{"rendered":"\n<figure class=\"wp-block-image size-full\"><img loading=\"lazy\" decoding=\"async\" width=\"720\" height=\"960\" src=\"https:\/\/www.djurskyddet.se\/landskrona\/wp-content\/uploads\/sites\/22\/2022\/03\/Bella.jpg\" alt=\"\" class=\"wp-image-8161\" srcset=\"https:\/\/www.djurskyddet.se\/landskrona\/wp-content\/uploads\/sites\/22\/2022\/03\/Bella.jpg 720w, https:\/\/www.djurskyddet.se\/landskrona\/wp-content\/uploads\/sites\/22\/2022\/03\/Bella-225x300.jpg 225w, https:\/\/www.djurskyddet.se\/landskrona\/wp-content\/uploads\/sites\/22\/2022\/03\/Bella-400x533.jpg 400w\" sizes=\"auto, (max-width: 720px) 100vw, 720px\" \/><\/figure>\n\n\n\n<p>Idag, 4\/3, har fina Bella flyttat till sitt nya hem i Limhamn.<\/p>\n\n\n\n<p>Bella finns i jourhem i Malm\u00f6. Hon \u00e4r en av tre katter fr\u00e5n ett d\u00f6dsbo.<\/p>\n\n\n\n<p>Hon \u00e4r troligen 14 \u00e5r. Bella \u00e4r trots den sura minen en trevlig dam som bara vill vara med. Kelen och v\u00e4ldigt sn\u00e4ll dam som l\u00e4tt g\u00e5r rakt in i hj\u00e4rtat. Bella vill ha ett hem d\u00e4r ni tillsammans lever i samma takt och om Bella f\u00e5r best\u00e4mma g\u00e4rna sover middag. Svarar g\u00e4rna p\u00e5 tilltal och njuter av livet.<br>Bella har blivit veterin\u00e4runders\u00f6kt och \u00e4r frisk.<\/p>\n","protected":false},"excerpt":{"rendered":"<p>Idag, 4\/3, har fina Bella flyttat till sitt nya hem i Limhamn. Bella finns i jourhem i Malm\u00f6. Hon \u00e4r en av tre katter fr\u00e5n ett d\u00f6dsbo. Hon \u00e4r troligen 14 \u00e5r. Bella \u00e4r trots den sura minen en trevlig dam som bara vill vara med. Kelen och v\u00e4ldigt sn\u00e4ll dam som l\u00e4tt g\u00e5r rakt in i hj\u00e4rtat. Bella vill ha ett hem d\u00e4r ni tillsammans lever i samma takt&hellip;<\/p>\n<p><a class=\"more-link\" href=\"https:\/\/www.djurskyddet.se\/landskrona\/senaste-nytt\/bella-2\/\" title=\"Continue reading &lsquo;Bella&rsquo;\">L&auml;s mer<span class=\"meta-nav\">&raquo;<\/span><\/a><\/p>\n","protected":false},"author":27,"featured_media":0,"comment_status":"closed","ping_status":"open","sticky":false,"template":"","format":"standard","meta":{"_acf_changed":false,"footnotes":""},"categories":[18],"tags":[],"class_list":["post-8159","post","type-post","status-publish","format-standard","hentry","category-senaste-nytt"],"acf":[],"_links":{"self":[{"href":"https:\/\/www.djurskyddet.se\/landskrona\/wp-json\/wp\/v2\/posts\/8159","targetHints":{"allow":["GET"]}}],"collection":[{"href":"https:\/\/www.djurskyddet.se\/landskrona\/wp-json\/wp\/v2\/posts"}],"about":[{"href":"https:\/\/www.djurskyddet.se\/landskrona\/wp-json\/wp\/v2\/types\/post"}],"author":[{"embeddable":true,"href":"https:\/\/www.djurskyddet.se\/landskrona\/wp-json\/wp\/v2\/users\/27"}],"replies":[{"embeddable":true,"href":"https:\/\/www.djurskyddet.se\/landskrona\/wp-json\/wp\/v2\/comments?post=8159"}],"version-history":[{"count":1,"href":"https:\/\/www.djurskyddet.se\/landskrona\/wp-json\/wp\/v2\/posts\/8159\/revisions"}],"predecessor-version":[{"id":8162,"href":"https:\/\/www.djurskyddet.se\/landskrona\/wp-json\/wp\/v2\/posts\/8159\/revisions\/8162"}],"wp:attachment":[{"href":"https:\/\/www.djurskyddet.se\/landskrona\/wp-json\/wp\/v2\/media?parent=8159"}],"wp:term":[{"taxonomy":"category","embeddable":true,"href":"https:\/\/www.djurskyddet.se\/landskrona\/wp-json\/wp\/v2\/categories?post=8159"},{"taxonomy":"post_tag","embeddable":true,"href":"https:\/\/www.djurskyddet.se\/landskrona\/wp-json\/wp\/v2\/tags?post=8159"}],"curies":[{"name":"wp","href":"https:\/\/api.w.org\/{rel}","templated":true}]}}