{"id":8164,"date":"2022-02-25T13:25:00","date_gmt":"2022-02-25T13:25:00","guid":{"rendered":"https:\/\/www.djurskyddet.se\/landskrona\/?p=8164"},"modified":"2022-03-07T13:26:58","modified_gmt":"2022-03-07T13:26:58","slug":"luffe","status":"publish","type":"post","link":"https:\/\/www.djurskyddet.se\/landskrona\/senaste-nytt\/luffe\/","title":{"rendered":"Luffe"},"content":{"rendered":"\n<figure class=\"wp-block-image size-full\"><img loading=\"lazy\" decoding=\"async\" width=\"750\" height=\"1000\" src=\"https:\/\/www.djurskyddet.se\/landskrona\/wp-content\/uploads\/sites\/22\/2022\/03\/Luffe.jpg\" alt=\"\" class=\"wp-image-8165\" srcset=\"https:\/\/www.djurskyddet.se\/landskrona\/wp-content\/uploads\/sites\/22\/2022\/03\/Luffe.jpg 750w, https:\/\/www.djurskyddet.se\/landskrona\/wp-content\/uploads\/sites\/22\/2022\/03\/Luffe-225x300.jpg 225w, https:\/\/www.djurskyddet.se\/landskrona\/wp-content\/uploads\/sites\/22\/2022\/03\/Luffe-400x533.jpg 400w\" sizes=\"auto, (max-width: 750px) 100vw, 750px\" \/><\/figure>\n\n\n\n<p>S\u00f6ta lilla Lufsen, Luffe, har idag, 25\/2, blivit adopterad av jourhemmet han varit i, i Landskrona.<\/p>\n\n\n\n<p>\u200b\u200b\u200b\u200b\u200b\u200b\u200bLuffe togs in i b\u00f6rjan av november och \u00e4r troligen f\u00f6dd omkring 16\/7 2021. Luffe \u00e4r en riktig mjukis! Han \u00e4r oftast lugn och har v\u00e4rldens mjukaste p\u00e4ls att klappa. D\u00e5 han antagligen skildes fr\u00e5n sin mamma lite f\u00f6r tidigt \u00e4r det viktigt att ge honom n\u00e4rhet och trygghet. F\u00e5r han det s\u00e5 kommer han att ge massa k\u00e4rlek tillbaka!<\/p>\n","protected":false},"excerpt":{"rendered":"<p>S\u00f6ta lilla Lufsen, Luffe, har idag, 25\/2, blivit adopterad av jourhemmet han varit i, i Landskrona. \u200b\u200b\u200b\u200b\u200b\u200b\u200bLuffe togs in i b\u00f6rjan av november och \u00e4r troligen f\u00f6dd omkring 16\/7 2021. Luffe \u00e4r en riktig mjukis! Han \u00e4r oftast lugn och har v\u00e4rldens mjukaste p\u00e4ls att klappa. D\u00e5 han antagligen skildes fr\u00e5n sin mamma lite f\u00f6r tidigt \u00e4r det viktigt att ge honom n\u00e4rhet och trygghet. F\u00e5r han det s\u00e5 kommer&hellip;<\/p>\n<p><a class=\"more-link\" href=\"https:\/\/www.djurskyddet.se\/landskrona\/senaste-nytt\/luffe\/\" title=\"Continue reading &lsquo;Luffe&rsquo;\">L&auml;s mer<span class=\"meta-nav\">&raquo;<\/span><\/a><\/p>\n","protected":false},"author":27,"featured_media":0,"comment_status":"closed","ping_status":"open","sticky":false,"template":"","format":"standard","meta":{"_acf_changed":false,"footnotes":""},"categories":[18],"tags":[],"class_list":["post-8164","post","type-post","status-publish","format-standard","hentry","category-senaste-nytt"],"acf":[],"_links":{"self":[{"href":"https:\/\/www.djurskyddet.se\/landskrona\/wp-json\/wp\/v2\/posts\/8164","targetHints":{"allow":["GET"]}}],"collection":[{"href":"https:\/\/www.djurskyddet.se\/landskrona\/wp-json\/wp\/v2\/posts"}],"about":[{"href":"https:\/\/www.djurskyddet.se\/landskrona\/wp-json\/wp\/v2\/types\/post"}],"author":[{"embeddable":true,"href":"https:\/\/www.djurskyddet.se\/landskrona\/wp-json\/wp\/v2\/users\/27"}],"replies":[{"embeddable":true,"href":"https:\/\/www.djurskyddet.se\/landskrona\/wp-json\/wp\/v2\/comments?post=8164"}],"version-history":[{"count":1,"href":"https:\/\/www.djurskyddet.se\/landskrona\/wp-json\/wp\/v2\/posts\/8164\/revisions"}],"predecessor-version":[{"id":8166,"href":"https:\/\/www.djurskyddet.se\/landskrona\/wp-json\/wp\/v2\/posts\/8164\/revisions\/8166"}],"wp:attachment":[{"href":"https:\/\/www.djurskyddet.se\/landskrona\/wp-json\/wp\/v2\/media?parent=8164"}],"wp:term":[{"taxonomy":"category","embeddable":true,"href":"https:\/\/www.djurskyddet.se\/landskrona\/wp-json\/wp\/v2\/categories?post=8164"},{"taxonomy":"post_tag","embeddable":true,"href":"https:\/\/www.djurskyddet.se\/landskrona\/wp-json\/wp\/v2\/tags?post=8164"}],"curies":[{"name":"wp","href":"https:\/\/api.w.org\/{rel}","templated":true}]}}