{"id":8170,"date":"2022-03-06T13:30:00","date_gmt":"2022-03-06T13:30:00","guid":{"rendered":"https:\/\/www.djurskyddet.se\/landskrona\/?p=8170"},"modified":"2022-03-07T13:32:58","modified_gmt":"2022-03-07T13:32:58","slug":"gandalf","status":"publish","type":"post","link":"https:\/\/www.djurskyddet.se\/landskrona\/senaste-nytt\/gandalf\/","title":{"rendered":"Gandalf"},"content":{"rendered":"\n<figure class=\"wp-block-image size-full\"><img loading=\"lazy\" decoding=\"async\" width=\"768\" height=\"1024\" src=\"https:\/\/www.djurskyddet.se\/landskrona\/wp-content\/uploads\/sites\/22\/2022\/03\/Gandalf.jpg\" alt=\"\" class=\"wp-image-8171\" srcset=\"https:\/\/www.djurskyddet.se\/landskrona\/wp-content\/uploads\/sites\/22\/2022\/03\/Gandalf.jpg 768w, https:\/\/www.djurskyddet.se\/landskrona\/wp-content\/uploads\/sites\/22\/2022\/03\/Gandalf-225x300.jpg 225w, https:\/\/www.djurskyddet.se\/landskrona\/wp-content\/uploads\/sites\/22\/2022\/03\/Gandalf-400x533.jpg 400w\" sizes=\"auto, (max-width: 768px) 100vw, 768px\" \/><\/figure>\n\n\n\n<p>Idag, 6\/3, har Gandalf flyttat till sitt nya hem i Landskrona.<\/p>\n\n\n\n<p>Det h\u00e4r \u00e4r Gandalf som finns i L\u00f6ddek\u00f6pinge och beh\u00f6ver ett nytt hem. Han \u00e4r 3,5 \u00e5r, chippad och registrerad och kastrerad. Har levt som inne\/utekatt, sover n\u00e4stan alltid inne, kollar l\u00e4get n\u00e5gra g\u00e5nger om dagen och stannar g\u00e4rna inne hela dagen och myser i soffan om det \u00e4r regn eller bl\u00e5st. Aldrig varit f\u00f6rsvunnen utan h\u00e5ller sig n\u00e4ra hemmet. V\u00e4ldigt tillgiven till de han bor hos men h\u00e5ller sig borta fr\u00e5n m\u00e4nniskor han m\u00f6ter.<\/p>\n","protected":false},"excerpt":{"rendered":"<p>Idag, 6\/3, har Gandalf flyttat till sitt nya hem i Landskrona. Det h\u00e4r \u00e4r Gandalf som finns i L\u00f6ddek\u00f6pinge och beh\u00f6ver ett nytt hem. Han \u00e4r 3,5 \u00e5r, chippad och registrerad och kastrerad. Har levt som inne\/utekatt, sover n\u00e4stan alltid inne, kollar l\u00e4get n\u00e5gra g\u00e5nger om dagen och stannar g\u00e4rna inne hela dagen och myser i soffan om det \u00e4r regn eller bl\u00e5st. Aldrig varit f\u00f6rsvunnen utan h\u00e5ller sig n\u00e4ra&hellip;<\/p>\n<p><a class=\"more-link\" href=\"https:\/\/www.djurskyddet.se\/landskrona\/senaste-nytt\/gandalf\/\" title=\"Continue reading &lsquo;Gandalf&rsquo;\">L&auml;s mer<span class=\"meta-nav\">&raquo;<\/span><\/a><\/p>\n","protected":false},"author":27,"featured_media":0,"comment_status":"closed","ping_status":"open","sticky":false,"template":"","format":"standard","meta":{"_acf_changed":false,"footnotes":""},"categories":[18],"tags":[],"class_list":["post-8170","post","type-post","status-publish","format-standard","hentry","category-senaste-nytt"],"acf":[],"_links":{"self":[{"href":"https:\/\/www.djurskyddet.se\/landskrona\/wp-json\/wp\/v2\/posts\/8170","targetHints":{"allow":["GET"]}}],"collection":[{"href":"https:\/\/www.djurskyddet.se\/landskrona\/wp-json\/wp\/v2\/posts"}],"about":[{"href":"https:\/\/www.djurskyddet.se\/landskrona\/wp-json\/wp\/v2\/types\/post"}],"author":[{"embeddable":true,"href":"https:\/\/www.djurskyddet.se\/landskrona\/wp-json\/wp\/v2\/users\/27"}],"replies":[{"embeddable":true,"href":"https:\/\/www.djurskyddet.se\/landskrona\/wp-json\/wp\/v2\/comments?post=8170"}],"version-history":[{"count":1,"href":"https:\/\/www.djurskyddet.se\/landskrona\/wp-json\/wp\/v2\/posts\/8170\/revisions"}],"predecessor-version":[{"id":8172,"href":"https:\/\/www.djurskyddet.se\/landskrona\/wp-json\/wp\/v2\/posts\/8170\/revisions\/8172"}],"wp:attachment":[{"href":"https:\/\/www.djurskyddet.se\/landskrona\/wp-json\/wp\/v2\/media?parent=8170"}],"wp:term":[{"taxonomy":"category","embeddable":true,"href":"https:\/\/www.djurskyddet.se\/landskrona\/wp-json\/wp\/v2\/categories?post=8170"},{"taxonomy":"post_tag","embeddable":true,"href":"https:\/\/www.djurskyddet.se\/landskrona\/wp-json\/wp\/v2\/tags?post=8170"}],"curies":[{"name":"wp","href":"https:\/\/api.w.org\/{rel}","templated":true}]}}