{"id":8241,"date":"2022-03-19T18:38:00","date_gmt":"2022-03-19T18:38:00","guid":{"rendered":"https:\/\/www.djurskyddet.se\/landskrona\/?p=8241"},"modified":"2022-03-26T18:46:04","modified_gmt":"2022-03-26T18:46:04","slug":"sven-2","status":"publish","type":"post","link":"https:\/\/www.djurskyddet.se\/landskrona\/senaste-nytt\/sven-2\/","title":{"rendered":"Sven"},"content":{"rendered":"\n<figure class=\"wp-block-image size-full\"><img loading=\"lazy\" decoding=\"async\" width=\"421\" height=\"405\" src=\"https:\/\/www.djurskyddet.se\/landskrona\/wp-content\/uploads\/sites\/22\/2022\/03\/Sven.jpg\" alt=\"\" class=\"wp-image-8189\" srcset=\"https:\/\/www.djurskyddet.se\/landskrona\/wp-content\/uploads\/sites\/22\/2022\/03\/Sven.jpg 421w, https:\/\/www.djurskyddet.se\/landskrona\/wp-content\/uploads\/sites\/22\/2022\/03\/Sven-300x289.jpg 300w, https:\/\/www.djurskyddet.se\/landskrona\/wp-content\/uploads\/sites\/22\/2022\/03\/Sven-400x385.jpg 400w\" sizes=\"auto, (max-width: 421px) 100vw, 421px\" \/><\/figure>\n\n\n\n<p>Ig\u00e5r, 19\/3, flyttade lille Sven till sitt nya hem i Glumsl\u00f6v. D\u00e4r finns en \u00e4ldre katt sedan tidigare s\u00e5 Sven f\u00e5r en kompis i sitt nya hem. Lycka till lilla gubben!<\/p>\n\n\n\n<p>Sven finns i jourhem i Teckomatorp.<\/p>\n\n\n\n<p>Sven, ca 7 m\u00e5nader gammal, \u00e4r lite f\u00f6rsiktig n\u00e4r det kommer nya m\u00e4nniskor, och vill g\u00e4rna att ni ska l\u00e4ra k\u00e4nna varandra i alla fall 10 minuter innan ni har n\u00e4rkontakt. Liksom sin bror Nils \u00e4lskar han havregrynsgr\u00f6t med kattmj\u00f6lk.<\/p>\n","protected":false},"excerpt":{"rendered":"<p>Ig\u00e5r, 19\/3, flyttade lille Sven till sitt nya hem i Glumsl\u00f6v. D\u00e4r finns en \u00e4ldre katt sedan tidigare s\u00e5 Sven f\u00e5r en kompis i sitt nya hem. Lycka till lilla gubben! Sven finns i jourhem i Teckomatorp. Sven, ca 7 m\u00e5nader gammal, \u00e4r lite f\u00f6rsiktig n\u00e4r det kommer nya m\u00e4nniskor, och vill g\u00e4rna att ni ska l\u00e4ra k\u00e4nna varandra i alla fall 10 minuter innan ni har n\u00e4rkontakt. Liksom sin&hellip;<\/p>\n<p><a class=\"more-link\" href=\"https:\/\/www.djurskyddet.se\/landskrona\/senaste-nytt\/sven-2\/\" title=\"Continue reading &lsquo;Sven&rsquo;\">L&auml;s mer<span class=\"meta-nav\">&raquo;<\/span><\/a><\/p>\n","protected":false},"author":27,"featured_media":0,"comment_status":"closed","ping_status":"open","sticky":false,"template":"","format":"standard","meta":{"_acf_changed":false,"footnotes":""},"categories":[18],"tags":[],"class_list":["post-8241","post","type-post","status-publish","format-standard","hentry","category-senaste-nytt"],"acf":[],"_links":{"self":[{"href":"https:\/\/www.djurskyddet.se\/landskrona\/wp-json\/wp\/v2\/posts\/8241","targetHints":{"allow":["GET"]}}],"collection":[{"href":"https:\/\/www.djurskyddet.se\/landskrona\/wp-json\/wp\/v2\/posts"}],"about":[{"href":"https:\/\/www.djurskyddet.se\/landskrona\/wp-json\/wp\/v2\/types\/post"}],"author":[{"embeddable":true,"href":"https:\/\/www.djurskyddet.se\/landskrona\/wp-json\/wp\/v2\/users\/27"}],"replies":[{"embeddable":true,"href":"https:\/\/www.djurskyddet.se\/landskrona\/wp-json\/wp\/v2\/comments?post=8241"}],"version-history":[{"count":1,"href":"https:\/\/www.djurskyddet.se\/landskrona\/wp-json\/wp\/v2\/posts\/8241\/revisions"}],"predecessor-version":[{"id":8242,"href":"https:\/\/www.djurskyddet.se\/landskrona\/wp-json\/wp\/v2\/posts\/8241\/revisions\/8242"}],"wp:attachment":[{"href":"https:\/\/www.djurskyddet.se\/landskrona\/wp-json\/wp\/v2\/media?parent=8241"}],"wp:term":[{"taxonomy":"category","embeddable":true,"href":"https:\/\/www.djurskyddet.se\/landskrona\/wp-json\/wp\/v2\/categories?post=8241"},{"taxonomy":"post_tag","embeddable":true,"href":"https:\/\/www.djurskyddet.se\/landskrona\/wp-json\/wp\/v2\/tags?post=8241"}],"curies":[{"name":"wp","href":"https:\/\/api.w.org\/{rel}","templated":true}]}}