{"id":8251,"date":"2022-03-20T18:52:00","date_gmt":"2022-03-20T18:52:00","guid":{"rendered":"https:\/\/www.djurskyddet.se\/landskrona\/?p=8251"},"modified":"2022-03-26T18:54:18","modified_gmt":"2022-03-26T18:54:18","slug":"tistel","status":"publish","type":"post","link":"https:\/\/www.djurskyddet.se\/landskrona\/senaste-nytt\/tistel\/","title":{"rendered":"Tistel"},"content":{"rendered":"\n<figure class=\"wp-block-image size-full\"><img loading=\"lazy\" decoding=\"async\" width=\"473\" height=\"1024\" src=\"https:\/\/www.djurskyddet.se\/landskrona\/wp-content\/uploads\/sites\/22\/2022\/03\/Tistel.jpg\" alt=\"\" class=\"wp-image-8252\" srcset=\"https:\/\/www.djurskyddet.se\/landskrona\/wp-content\/uploads\/sites\/22\/2022\/03\/Tistel.jpg 473w, https:\/\/www.djurskyddet.se\/landskrona\/wp-content\/uploads\/sites\/22\/2022\/03\/Tistel-139x300.jpg 139w, https:\/\/www.djurskyddet.se\/landskrona\/wp-content\/uploads\/sites\/22\/2022\/03\/Tistel-400x866.jpg 400w\" sizes=\"auto, (max-width: 473px) 100vw, 473px\" \/><\/figure>\n\n\n\n<p>Nu \u00e4r det klart. Tistel har blivit adopterad och f\u00e5r stanna i jourhemmet tillsammans med sin syster och mamma.<\/p>\n\n\n\n<p>Tistel finns i jourhem i Hofterup.<br>Han \u00e4r kastrerad, vaccinerad 2 g\u00e5nger och chippad. Tistel, hankatt, troligen f\u00f6dd i maj 2020, togs in 20\/5 2021. Kraftigt undern\u00e4rd och full med ohyra. Han \u00e4r v\u00e4ldigt f\u00f6rsiktig av sig och tar ett tag att komma in p\u00e5 livet. Tycker om att busa och leker g\u00e4rna och mycket. Mysa \u00e4r n\u00e5got han g\u00f6r n\u00e4r han k\u00e4nner sig bekv\u00e4m och ligger d\u00e5 g\u00e4rna i s\u00e4ngen. \u00c4r inte s\u00e5 glad f\u00f6r hastiga r\u00f6relser utan springer d\u00e5 och g\u00f6mmer sig\u00a0<\/p>\n","protected":false},"excerpt":{"rendered":"<p>Nu \u00e4r det klart. Tistel har blivit adopterad och f\u00e5r stanna i jourhemmet tillsammans med sin syster och mamma. Tistel finns i jourhem i Hofterup.Han \u00e4r kastrerad, vaccinerad 2 g\u00e5nger och chippad. Tistel, hankatt, troligen f\u00f6dd i maj 2020, togs in 20\/5 2021. Kraftigt undern\u00e4rd och full med ohyra. Han \u00e4r v\u00e4ldigt f\u00f6rsiktig av sig och tar ett tag att komma in p\u00e5 livet. Tycker om att busa och leker&hellip;<\/p>\n<p><a class=\"more-link\" href=\"https:\/\/www.djurskyddet.se\/landskrona\/senaste-nytt\/tistel\/\" title=\"Continue reading &lsquo;Tistel&rsquo;\">L&auml;s mer<span class=\"meta-nav\">&raquo;<\/span><\/a><\/p>\n","protected":false},"author":27,"featured_media":0,"comment_status":"closed","ping_status":"open","sticky":false,"template":"","format":"standard","meta":{"_acf_changed":false,"footnotes":""},"categories":[18],"tags":[],"class_list":["post-8251","post","type-post","status-publish","format-standard","hentry","category-senaste-nytt"],"acf":[],"_links":{"self":[{"href":"https:\/\/www.djurskyddet.se\/landskrona\/wp-json\/wp\/v2\/posts\/8251","targetHints":{"allow":["GET"]}}],"collection":[{"href":"https:\/\/www.djurskyddet.se\/landskrona\/wp-json\/wp\/v2\/posts"}],"about":[{"href":"https:\/\/www.djurskyddet.se\/landskrona\/wp-json\/wp\/v2\/types\/post"}],"author":[{"embeddable":true,"href":"https:\/\/www.djurskyddet.se\/landskrona\/wp-json\/wp\/v2\/users\/27"}],"replies":[{"embeddable":true,"href":"https:\/\/www.djurskyddet.se\/landskrona\/wp-json\/wp\/v2\/comments?post=8251"}],"version-history":[{"count":1,"href":"https:\/\/www.djurskyddet.se\/landskrona\/wp-json\/wp\/v2\/posts\/8251\/revisions"}],"predecessor-version":[{"id":8253,"href":"https:\/\/www.djurskyddet.se\/landskrona\/wp-json\/wp\/v2\/posts\/8251\/revisions\/8253"}],"wp:attachment":[{"href":"https:\/\/www.djurskyddet.se\/landskrona\/wp-json\/wp\/v2\/media?parent=8251"}],"wp:term":[{"taxonomy":"category","embeddable":true,"href":"https:\/\/www.djurskyddet.se\/landskrona\/wp-json\/wp\/v2\/categories?post=8251"},{"taxonomy":"post_tag","embeddable":true,"href":"https:\/\/www.djurskyddet.se\/landskrona\/wp-json\/wp\/v2\/tags?post=8251"}],"curies":[{"name":"wp","href":"https:\/\/api.w.org\/{rel}","templated":true}]}}