{"id":8256,"date":"2022-03-31T16:47:00","date_gmt":"2022-03-31T16:47:00","guid":{"rendered":"https:\/\/www.djurskyddet.se\/landskrona\/?p=8256"},"modified":"2022-04-02T16:48:58","modified_gmt":"2022-04-02T16:48:58","slug":"parlan","status":"publish","type":"post","link":"https:\/\/www.djurskyddet.se\/landskrona\/senaste-nytt\/parlan\/","title":{"rendered":"P\u00e4rlan"},"content":{"rendered":"\n<figure class=\"wp-block-image size-full\"><img loading=\"lazy\" decoding=\"async\" width=\"751\" height=\"1024\" src=\"https:\/\/www.djurskyddet.se\/landskrona\/wp-content\/uploads\/sites\/22\/2022\/04\/Parlan.jpg\" alt=\"\" class=\"wp-image-8257\" srcset=\"https:\/\/www.djurskyddet.se\/landskrona\/wp-content\/uploads\/sites\/22\/2022\/04\/Parlan.jpg 751w, https:\/\/www.djurskyddet.se\/landskrona\/wp-content\/uploads\/sites\/22\/2022\/04\/Parlan-220x300.jpg 220w, https:\/\/www.djurskyddet.se\/landskrona\/wp-content\/uploads\/sites\/22\/2022\/04\/Parlan-400x545.jpg 400w\" sizes=\"auto, (max-width: 751px) 100vw, 751px\" \/><\/figure>\n\n\n\n<p>Ig\u00e5r, 31\/3, flyttade P\u00e4rlan till sitt nya hem. Lycka till lilla P\u00e4rlan!<\/p>\n\n\n\n<p>P\u00e4rlan finns i jourhem i Landskrona.<\/p>\n\n\n\n<p>Hon kom in till oss 26\/1. P\u00e4rlan \u00e4r en social och lekfull katt. Hon \u00e4lskar att jaga kattleksaker p\u00e5 sn\u00f6re och om kv\u00e4llarna s\u00e4tter hon sig g\u00e4rna i kn\u00e4t och myser. Hon \u00e4r en riktig liten p\u00e4rla helt enkelt! P\u00e4rlan \u00e4r ca 8 m\u00e5nader gammal. P\u00e4rlan har blivit avmaskad, vaccinerad, chippad och kastrerad. Hon har ocks\u00e5 f\u00e5tt behandling f\u00f6r sin \u00f6goninflammation.<\/p>\n","protected":false},"excerpt":{"rendered":"<p>Ig\u00e5r, 31\/3, flyttade P\u00e4rlan till sitt nya hem. Lycka till lilla P\u00e4rlan! P\u00e4rlan finns i jourhem i Landskrona. Hon kom in till oss 26\/1. P\u00e4rlan \u00e4r en social och lekfull katt. Hon \u00e4lskar att jaga kattleksaker p\u00e5 sn\u00f6re och om kv\u00e4llarna s\u00e4tter hon sig g\u00e4rna i kn\u00e4t och myser. Hon \u00e4r en riktig liten p\u00e4rla helt enkelt! P\u00e4rlan \u00e4r ca 8 m\u00e5nader gammal. P\u00e4rlan har blivit avmaskad, vaccinerad, chippad och&hellip;<\/p>\n<p><a class=\"more-link\" href=\"https:\/\/www.djurskyddet.se\/landskrona\/senaste-nytt\/parlan\/\" title=\"Continue reading &lsquo;P\u00e4rlan&rsquo;\">L&auml;s mer<span class=\"meta-nav\">&raquo;<\/span><\/a><\/p>\n","protected":false},"author":27,"featured_media":0,"comment_status":"closed","ping_status":"open","sticky":false,"template":"","format":"standard","meta":{"_acf_changed":false,"footnotes":""},"categories":[18],"tags":[],"class_list":["post-8256","post","type-post","status-publish","format-standard","hentry","category-senaste-nytt"],"acf":[],"_links":{"self":[{"href":"https:\/\/www.djurskyddet.se\/landskrona\/wp-json\/wp\/v2\/posts\/8256","targetHints":{"allow":["GET"]}}],"collection":[{"href":"https:\/\/www.djurskyddet.se\/landskrona\/wp-json\/wp\/v2\/posts"}],"about":[{"href":"https:\/\/www.djurskyddet.se\/landskrona\/wp-json\/wp\/v2\/types\/post"}],"author":[{"embeddable":true,"href":"https:\/\/www.djurskyddet.se\/landskrona\/wp-json\/wp\/v2\/users\/27"}],"replies":[{"embeddable":true,"href":"https:\/\/www.djurskyddet.se\/landskrona\/wp-json\/wp\/v2\/comments?post=8256"}],"version-history":[{"count":1,"href":"https:\/\/www.djurskyddet.se\/landskrona\/wp-json\/wp\/v2\/posts\/8256\/revisions"}],"predecessor-version":[{"id":8258,"href":"https:\/\/www.djurskyddet.se\/landskrona\/wp-json\/wp\/v2\/posts\/8256\/revisions\/8258"}],"wp:attachment":[{"href":"https:\/\/www.djurskyddet.se\/landskrona\/wp-json\/wp\/v2\/media?parent=8256"}],"wp:term":[{"taxonomy":"category","embeddable":true,"href":"https:\/\/www.djurskyddet.se\/landskrona\/wp-json\/wp\/v2\/categories?post=8256"},{"taxonomy":"post_tag","embeddable":true,"href":"https:\/\/www.djurskyddet.se\/landskrona\/wp-json\/wp\/v2\/tags?post=8256"}],"curies":[{"name":"wp","href":"https:\/\/api.w.org\/{rel}","templated":true}]}}