{"id":8309,"date":"2022-05-04T17:50:00","date_gmt":"2022-05-04T17:50:00","guid":{"rendered":"https:\/\/www.djurskyddet.se\/landskrona\/?p=8309"},"modified":"2022-05-06T17:51:57","modified_gmt":"2022-05-06T17:51:57","slug":"molgan-2","status":"publish","type":"post","link":"https:\/\/www.djurskyddet.se\/landskrona\/senaste-nytt\/molgan-2\/","title":{"rendered":"Molgan"},"content":{"rendered":"\n<figure class=\"wp-block-image size-full\"><img loading=\"lazy\" decoding=\"async\" width=\"682\" height=\"1024\" src=\"https:\/\/www.djurskyddet.se\/landskrona\/wp-content\/uploads\/sites\/22\/2022\/03\/Molgan.jpg\" alt=\"\" class=\"wp-image-8212\" srcset=\"https:\/\/www.djurskyddet.se\/landskrona\/wp-content\/uploads\/sites\/22\/2022\/03\/Molgan.jpg 682w, https:\/\/www.djurskyddet.se\/landskrona\/wp-content\/uploads\/sites\/22\/2022\/03\/Molgan-200x300.jpg 200w, https:\/\/www.djurskyddet.se\/landskrona\/wp-content\/uploads\/sites\/22\/2022\/03\/Molgan-400x601.jpg 400w\" sizes=\"auto, (max-width: 682px) 100vw, 682px\" \/><\/figure>\n\n\n\n<p>Nu har Molgan flyttat till sitt nya hem i Malm\u00f6. Lycka till Molgan!<\/p>\n\n\n\n<p>Molgan finns i jourhem i Landskrona.<\/p>\n\n\n\n<p>Han kom in till oss 26\/1. Molgan \u00e4r en mycket fin och lugn katt men har sina stunder d\u00e5 leklusten s\u00e4tter in. Till en b\u00f6rjan var Molgan f\u00f6rsiktig och h\u00f6ll sig p\u00e5 avst\u00e5nd. Men n\u00e4r han f\u00f6rstod att vi ville honom v\u00e4l s\u00e5 har han blivit mycket mer social och \u00e4lskar att bli klappad. Han \u00e4r ca 8 m\u00e5nader gammal. Molgan har blivit avmaskad, vaccinerad, chippad och kastrerad.<\/p>\n","protected":false},"excerpt":{"rendered":"<p>Nu har Molgan flyttat till sitt nya hem i Malm\u00f6. Lycka till Molgan! Molgan finns i jourhem i Landskrona. Han kom in till oss 26\/1. Molgan \u00e4r en mycket fin och lugn katt men har sina stunder d\u00e5 leklusten s\u00e4tter in. Till en b\u00f6rjan var Molgan f\u00f6rsiktig och h\u00f6ll sig p\u00e5 avst\u00e5nd. Men n\u00e4r han f\u00f6rstod att vi ville honom v\u00e4l s\u00e5 har han blivit mycket mer social och \u00e4lskar&hellip;<\/p>\n<p><a class=\"more-link\" href=\"https:\/\/www.djurskyddet.se\/landskrona\/senaste-nytt\/molgan-2\/\" title=\"Continue reading &lsquo;Molgan&rsquo;\">L&auml;s mer<span class=\"meta-nav\">&raquo;<\/span><\/a><\/p>\n","protected":false},"author":27,"featured_media":0,"comment_status":"closed","ping_status":"open","sticky":false,"template":"","format":"standard","meta":{"_acf_changed":false,"footnotes":""},"categories":[18],"tags":[],"class_list":["post-8309","post","type-post","status-publish","format-standard","hentry","category-senaste-nytt"],"acf":[],"_links":{"self":[{"href":"https:\/\/www.djurskyddet.se\/landskrona\/wp-json\/wp\/v2\/posts\/8309","targetHints":{"allow":["GET"]}}],"collection":[{"href":"https:\/\/www.djurskyddet.se\/landskrona\/wp-json\/wp\/v2\/posts"}],"about":[{"href":"https:\/\/www.djurskyddet.se\/landskrona\/wp-json\/wp\/v2\/types\/post"}],"author":[{"embeddable":true,"href":"https:\/\/www.djurskyddet.se\/landskrona\/wp-json\/wp\/v2\/users\/27"}],"replies":[{"embeddable":true,"href":"https:\/\/www.djurskyddet.se\/landskrona\/wp-json\/wp\/v2\/comments?post=8309"}],"version-history":[{"count":1,"href":"https:\/\/www.djurskyddet.se\/landskrona\/wp-json\/wp\/v2\/posts\/8309\/revisions"}],"predecessor-version":[{"id":8310,"href":"https:\/\/www.djurskyddet.se\/landskrona\/wp-json\/wp\/v2\/posts\/8309\/revisions\/8310"}],"wp:attachment":[{"href":"https:\/\/www.djurskyddet.se\/landskrona\/wp-json\/wp\/v2\/media?parent=8309"}],"wp:term":[{"taxonomy":"category","embeddable":true,"href":"https:\/\/www.djurskyddet.se\/landskrona\/wp-json\/wp\/v2\/categories?post=8309"},{"taxonomy":"post_tag","embeddable":true,"href":"https:\/\/www.djurskyddet.se\/landskrona\/wp-json\/wp\/v2\/tags?post=8309"}],"curies":[{"name":"wp","href":"https:\/\/api.w.org\/{rel}","templated":true}]}}