{"id":8312,"date":"2022-05-05T17:53:00","date_gmt":"2022-05-05T17:53:00","guid":{"rendered":"https:\/\/www.djurskyddet.se\/landskrona\/?p=8312"},"modified":"2022-05-06T17:55:06","modified_gmt":"2022-05-06T17:55:06","slug":"majs-2","status":"publish","type":"post","link":"https:\/\/www.djurskyddet.se\/landskrona\/senaste-nytt\/majs-2\/","title":{"rendered":"Majs"},"content":{"rendered":"\n<figure class=\"wp-block-image size-full\"><img loading=\"lazy\" decoding=\"async\" width=\"576\" height=\"432\" src=\"https:\/\/www.djurskyddet.se\/landskrona\/wp-content\/uploads\/sites\/22\/2022\/03\/Majs.jpg\" alt=\"\" class=\"wp-image-8225\" srcset=\"https:\/\/www.djurskyddet.se\/landskrona\/wp-content\/uploads\/sites\/22\/2022\/03\/Majs.jpg 576w, https:\/\/www.djurskyddet.se\/landskrona\/wp-content\/uploads\/sites\/22\/2022\/03\/Majs-300x225.jpg 300w, https:\/\/www.djurskyddet.se\/landskrona\/wp-content\/uploads\/sites\/22\/2022\/03\/Majs-400x300.jpg 400w\" sizes=\"auto, (max-width: 576px) 100vw, 576px\" \/><\/figure>\n\n\n\n<p>Ig\u00e5r, 5\/5, flyttade Majs till sitt nya hem i \u00c4ngelholm. Lycka till Majs!<\/p>\n\n\n\n<p>Majs finns i jourhem i Landskrona.<\/p>\n\n\n\n<p>Majs \u00e4r en pojke troligen f\u00f6dd i slutet av augusti 2021. Han togs in tillsammans med Popcorn 28\/11 2021. B\u00e4gge tv\u00e5 har varit v\u00e4ldigt sjuka i kattsnuva och blivit behandlade i jourhemmet. Majs \u00e4r f\u00f6rsiktig i hela sin personlighet. Han \u00e4r ganska l\u00e4ttskr\u00e4md men inte p\u00e5 n\u00e5got s\u00e4tt skygg. S\u00e5 fort han k\u00e4nner sig trygg med sin omgivning blir han v\u00e4rldens mysigaste och \u00e4r otroligt kontakts\u00f6kande, kryper g\u00e4rna upp i soffan, famnen eller kn\u00e4et. En stor bebis \u00e4r det best\u00e5ende intrycket.<\/p>\n","protected":false},"excerpt":{"rendered":"<p>Ig\u00e5r, 5\/5, flyttade Majs till sitt nya hem i \u00c4ngelholm. Lycka till Majs! Majs finns i jourhem i Landskrona. Majs \u00e4r en pojke troligen f\u00f6dd i slutet av augusti 2021. Han togs in tillsammans med Popcorn 28\/11 2021. B\u00e4gge tv\u00e5 har varit v\u00e4ldigt sjuka i kattsnuva och blivit behandlade i jourhemmet. Majs \u00e4r f\u00f6rsiktig i hela sin personlighet. Han \u00e4r ganska l\u00e4ttskr\u00e4md men inte p\u00e5 n\u00e5got s\u00e4tt skygg. S\u00e5 fort&hellip;<\/p>\n<p><a class=\"more-link\" href=\"https:\/\/www.djurskyddet.se\/landskrona\/senaste-nytt\/majs-2\/\" title=\"Continue reading &lsquo;Majs&rsquo;\">L&auml;s mer<span class=\"meta-nav\">&raquo;<\/span><\/a><\/p>\n","protected":false},"author":27,"featured_media":0,"comment_status":"closed","ping_status":"open","sticky":false,"template":"","format":"standard","meta":{"_acf_changed":false,"footnotes":""},"categories":[18],"tags":[],"class_list":["post-8312","post","type-post","status-publish","format-standard","hentry","category-senaste-nytt"],"acf":[],"_links":{"self":[{"href":"https:\/\/www.djurskyddet.se\/landskrona\/wp-json\/wp\/v2\/posts\/8312","targetHints":{"allow":["GET"]}}],"collection":[{"href":"https:\/\/www.djurskyddet.se\/landskrona\/wp-json\/wp\/v2\/posts"}],"about":[{"href":"https:\/\/www.djurskyddet.se\/landskrona\/wp-json\/wp\/v2\/types\/post"}],"author":[{"embeddable":true,"href":"https:\/\/www.djurskyddet.se\/landskrona\/wp-json\/wp\/v2\/users\/27"}],"replies":[{"embeddable":true,"href":"https:\/\/www.djurskyddet.se\/landskrona\/wp-json\/wp\/v2\/comments?post=8312"}],"version-history":[{"count":1,"href":"https:\/\/www.djurskyddet.se\/landskrona\/wp-json\/wp\/v2\/posts\/8312\/revisions"}],"predecessor-version":[{"id":8313,"href":"https:\/\/www.djurskyddet.se\/landskrona\/wp-json\/wp\/v2\/posts\/8312\/revisions\/8313"}],"wp:attachment":[{"href":"https:\/\/www.djurskyddet.se\/landskrona\/wp-json\/wp\/v2\/media?parent=8312"}],"wp:term":[{"taxonomy":"category","embeddable":true,"href":"https:\/\/www.djurskyddet.se\/landskrona\/wp-json\/wp\/v2\/categories?post=8312"},{"taxonomy":"post_tag","embeddable":true,"href":"https:\/\/www.djurskyddet.se\/landskrona\/wp-json\/wp\/v2\/tags?post=8312"}],"curies":[{"name":"wp","href":"https:\/\/api.w.org\/{rel}","templated":true}]}}