{"id":8352,"date":"2022-05-21T18:15:00","date_gmt":"2022-05-21T18:15:00","guid":{"rendered":"https:\/\/www.djurskyddet.se\/landskrona\/?p=8352"},"modified":"2022-05-29T18:17:45","modified_gmt":"2022-05-29T18:17:45","slug":"veiron","status":"publish","type":"post","link":"https:\/\/www.djurskyddet.se\/landskrona\/senaste-nytt\/veiron\/","title":{"rendered":"Veiron"},"content":{"rendered":"\n<figure class=\"wp-block-image size-full\"><img loading=\"lazy\" decoding=\"async\" width=\"1024\" height=\"657\" src=\"https:\/\/www.djurskyddet.se\/landskrona\/wp-content\/uploads\/sites\/22\/2022\/05\/Veiron.jpg\" alt=\"\" class=\"wp-image-8351\" srcset=\"https:\/\/www.djurskyddet.se\/landskrona\/wp-content\/uploads\/sites\/22\/2022\/05\/Veiron.jpg 1024w, https:\/\/www.djurskyddet.se\/landskrona\/wp-content\/uploads\/sites\/22\/2022\/05\/Veiron-300x192.jpg 300w, https:\/\/www.djurskyddet.se\/landskrona\/wp-content\/uploads\/sites\/22\/2022\/05\/Veiron-768x493.jpg 768w, https:\/\/www.djurskyddet.se\/landskrona\/wp-content\/uploads\/sites\/22\/2022\/05\/Veiron-400x257.jpg 400w\" sizes=\"auto, (max-width: 1024px) 100vw, 1024px\" \/><\/figure>\n\n\n\n<p><\/p>\n\n\n\n<p>Det h\u00e4r \u00e4r Veiron som togs in 3\/5. Han f\u00e5ngades in p\u00e5 en g\u00e5rd d\u00e4r han sprungit i drygt 1,5 \u00e5r. Ingen hade f\u00e5tt komma n\u00e4ra honom och d\u00e4rf\u00f6r fick han komma till v\u00e5rt jourhem som kan skygga katter. V\u00e4l inne visade det sig snabbt att han var en mysig herre som troligtvis blivit dumpad d\u00e4r och f\u00e5tt klara sig p\u00e5 egen tass. En tam och tacksam katt.<br>Efter vaccinering, chipm\u00e4rkning, kastrering och behandling f\u00f6r en skadad, inflammerad tass kunde Veiron flytta till sitt nya hem i Malm\u00f6 ig\u00e5r, 21\/5.<\/p>\n\n\n\n<p><\/p>\n","protected":false},"excerpt":{"rendered":"<p>Det h\u00e4r \u00e4r Veiron som togs in 3\/5. Han f\u00e5ngades in p\u00e5 en g\u00e5rd d\u00e4r han sprungit i drygt 1,5 \u00e5r. Ingen hade f\u00e5tt komma n\u00e4ra honom och d\u00e4rf\u00f6r fick han komma till v\u00e5rt jourhem som kan skygga katter. V\u00e4l inne visade det sig snabbt att han var en mysig herre som troligtvis blivit dumpad d\u00e4r och f\u00e5tt klara sig p\u00e5 egen tass. En tam och tacksam katt.Efter vaccinering, chipm\u00e4rkning,&hellip;<\/p>\n<p><a class=\"more-link\" href=\"https:\/\/www.djurskyddet.se\/landskrona\/senaste-nytt\/veiron\/\" title=\"Continue reading &lsquo;Veiron&rsquo;\">L&auml;s mer<span class=\"meta-nav\">&raquo;<\/span><\/a><\/p>\n","protected":false},"author":27,"featured_media":0,"comment_status":"closed","ping_status":"open","sticky":false,"template":"","format":"standard","meta":{"_acf_changed":false,"footnotes":""},"categories":[18],"tags":[],"class_list":["post-8352","post","type-post","status-publish","format-standard","hentry","category-senaste-nytt"],"acf":[],"_links":{"self":[{"href":"https:\/\/www.djurskyddet.se\/landskrona\/wp-json\/wp\/v2\/posts\/8352","targetHints":{"allow":["GET"]}}],"collection":[{"href":"https:\/\/www.djurskyddet.se\/landskrona\/wp-json\/wp\/v2\/posts"}],"about":[{"href":"https:\/\/www.djurskyddet.se\/landskrona\/wp-json\/wp\/v2\/types\/post"}],"author":[{"embeddable":true,"href":"https:\/\/www.djurskyddet.se\/landskrona\/wp-json\/wp\/v2\/users\/27"}],"replies":[{"embeddable":true,"href":"https:\/\/www.djurskyddet.se\/landskrona\/wp-json\/wp\/v2\/comments?post=8352"}],"version-history":[{"count":1,"href":"https:\/\/www.djurskyddet.se\/landskrona\/wp-json\/wp\/v2\/posts\/8352\/revisions"}],"predecessor-version":[{"id":8354,"href":"https:\/\/www.djurskyddet.se\/landskrona\/wp-json\/wp\/v2\/posts\/8352\/revisions\/8354"}],"wp:attachment":[{"href":"https:\/\/www.djurskyddet.se\/landskrona\/wp-json\/wp\/v2\/media?parent=8352"}],"wp:term":[{"taxonomy":"category","embeddable":true,"href":"https:\/\/www.djurskyddet.se\/landskrona\/wp-json\/wp\/v2\/categories?post=8352"},{"taxonomy":"post_tag","embeddable":true,"href":"https:\/\/www.djurskyddet.se\/landskrona\/wp-json\/wp\/v2\/tags?post=8352"}],"curies":[{"name":"wp","href":"https:\/\/api.w.org\/{rel}","templated":true}]}}