{"id":8356,"date":"2022-05-13T18:19:00","date_gmt":"2022-05-13T18:19:00","guid":{"rendered":"https:\/\/www.djurskyddet.se\/landskrona\/?p=8356"},"modified":"2022-05-29T18:21:11","modified_gmt":"2022-05-29T18:21:11","slug":"ida-2","status":"publish","type":"post","link":"https:\/\/www.djurskyddet.se\/landskrona\/senaste-nytt\/ida-2\/","title":{"rendered":"Ida"},"content":{"rendered":"\n<figure class=\"wp-block-image size-full\"><img loading=\"lazy\" decoding=\"async\" width=\"624\" height=\"1009\" src=\"https:\/\/www.djurskyddet.se\/landskrona\/wp-content\/uploads\/sites\/22\/2022\/04\/Ida.jpg\" alt=\"\" class=\"wp-image-8261\" srcset=\"https:\/\/www.djurskyddet.se\/landskrona\/wp-content\/uploads\/sites\/22\/2022\/04\/Ida.jpg 624w, https:\/\/www.djurskyddet.se\/landskrona\/wp-content\/uploads\/sites\/22\/2022\/04\/Ida-186x300.jpg 186w, https:\/\/www.djurskyddet.se\/landskrona\/wp-content\/uploads\/sites\/22\/2022\/04\/Ida-400x647.jpg 400w\" sizes=\"auto, (max-width: 624px) 100vw, 624px\" \/><\/figure>\n\n\n\n<p>13\/5 flyttade lilla Ida till sitt nya hem i Malm\u00f6.\u00a0Lycka till lilla gumman!<\/p>\n\n\n\n<p>Lilla Ida finns i jourhem i H\u00f6llviken.<br>Hon \u00e4r en riktig f\u00f6nsterprydnad,\u00a0ca 6 m\u00e5nader gammal. Hon spenderar mycket tid med f\u00e5gelsk\u00e5dning i sina \u00e4lskade f\u00f6nster. Kommer det in n\u00e5gon katt i tr\u00e4dg\u00e5rden stirrar hon ut dem genom sitt f\u00f6nster. Ida \u00e4r en pigg och glad ton\u00e5ring som lever loppan i familjen. Ligger g\u00e4rna n\u00e4ra och \u00e4r med \u00f6verallt.<br>Ida togs in 7\/3 och har blivit vaccinerad, chippad och kastrerad.<\/p>\n","protected":false},"excerpt":{"rendered":"<p>13\/5 flyttade lilla Ida till sitt nya hem i Malm\u00f6.\u00a0Lycka till lilla gumman! Lilla Ida finns i jourhem i H\u00f6llviken.Hon \u00e4r en riktig f\u00f6nsterprydnad,\u00a0ca 6 m\u00e5nader gammal. Hon spenderar mycket tid med f\u00e5gelsk\u00e5dning i sina \u00e4lskade f\u00f6nster. Kommer det in n\u00e5gon katt i tr\u00e4dg\u00e5rden stirrar hon ut dem genom sitt f\u00f6nster. Ida \u00e4r en pigg och glad ton\u00e5ring som lever loppan i familjen. Ligger g\u00e4rna n\u00e4ra och \u00e4r med \u00f6verallt.Ida&hellip;<\/p>\n<p><a class=\"more-link\" href=\"https:\/\/www.djurskyddet.se\/landskrona\/senaste-nytt\/ida-2\/\" title=\"Continue reading &lsquo;Ida&rsquo;\">L&auml;s mer<span class=\"meta-nav\">&raquo;<\/span><\/a><\/p>\n","protected":false},"author":27,"featured_media":0,"comment_status":"closed","ping_status":"open","sticky":false,"template":"","format":"standard","meta":{"_acf_changed":false,"footnotes":""},"categories":[18],"tags":[],"class_list":["post-8356","post","type-post","status-publish","format-standard","hentry","category-senaste-nytt"],"acf":[],"_links":{"self":[{"href":"https:\/\/www.djurskyddet.se\/landskrona\/wp-json\/wp\/v2\/posts\/8356","targetHints":{"allow":["GET"]}}],"collection":[{"href":"https:\/\/www.djurskyddet.se\/landskrona\/wp-json\/wp\/v2\/posts"}],"about":[{"href":"https:\/\/www.djurskyddet.se\/landskrona\/wp-json\/wp\/v2\/types\/post"}],"author":[{"embeddable":true,"href":"https:\/\/www.djurskyddet.se\/landskrona\/wp-json\/wp\/v2\/users\/27"}],"replies":[{"embeddable":true,"href":"https:\/\/www.djurskyddet.se\/landskrona\/wp-json\/wp\/v2\/comments?post=8356"}],"version-history":[{"count":1,"href":"https:\/\/www.djurskyddet.se\/landskrona\/wp-json\/wp\/v2\/posts\/8356\/revisions"}],"predecessor-version":[{"id":8357,"href":"https:\/\/www.djurskyddet.se\/landskrona\/wp-json\/wp\/v2\/posts\/8356\/revisions\/8357"}],"wp:attachment":[{"href":"https:\/\/www.djurskyddet.se\/landskrona\/wp-json\/wp\/v2\/media?parent=8356"}],"wp:term":[{"taxonomy":"category","embeddable":true,"href":"https:\/\/www.djurskyddet.se\/landskrona\/wp-json\/wp\/v2\/categories?post=8356"},{"taxonomy":"post_tag","embeddable":true,"href":"https:\/\/www.djurskyddet.se\/landskrona\/wp-json\/wp\/v2\/tags?post=8356"}],"curies":[{"name":"wp","href":"https:\/\/api.w.org\/{rel}","templated":true}]}}