{"id":8393,"date":"2022-06-08T17:24:00","date_gmt":"2022-06-08T17:24:00","guid":{"rendered":"https:\/\/www.djurskyddet.se\/landskrona\/?p=8393"},"modified":"2022-06-14T17:26:23","modified_gmt":"2022-06-14T17:26:23","slug":"tussi-2","status":"publish","type":"post","link":"https:\/\/www.djurskyddet.se\/landskrona\/senaste-nytt\/tussi-2\/","title":{"rendered":"Tussi"},"content":{"rendered":"\n<figure class=\"wp-block-image size-full\"><img loading=\"lazy\" decoding=\"async\" width=\"480\" height=\"640\" src=\"https:\/\/www.djurskyddet.se\/landskrona\/wp-content\/uploads\/sites\/22\/2022\/05\/Tussi.jpg\" alt=\"\" class=\"wp-image-8333\" srcset=\"https:\/\/www.djurskyddet.se\/landskrona\/wp-content\/uploads\/sites\/22\/2022\/05\/Tussi.jpg 480w, https:\/\/www.djurskyddet.se\/landskrona\/wp-content\/uploads\/sites\/22\/2022\/05\/Tussi-225x300.jpg 225w, https:\/\/www.djurskyddet.se\/landskrona\/wp-content\/uploads\/sites\/22\/2022\/05\/Tussi-400x533.jpg 400w\" sizes=\"auto, (max-width: 480px) 100vw, 480px\" \/><\/figure>\n\n\n\n<p>Ig\u00e5r, 8\/6, flyttade Tussi till sitt nya hem i Lund. Lycka till lilla gumman!<\/p>\n\n\n\n<p>Tussi kom in till oss 10\/3 2022. Hon \u00e4r troligen f\u00f6dd i juli 2021 och hon finns i jourhem i Landskrona.<\/p>\n\n\n\n<p>Tussi \u00e4r en innekatt som \u00e4r livlig, busig och lekfull. Hon \u00e4r fortfarande mycket reserverad f\u00f6r fr\u00e4mlingar men i jourhemsfamiljen kommer hon fram och tycker om att bli klappad. Ligger g\u00e4rna i s\u00e4ngen p\u00e5 natten.<\/p>\n\n\n\n<p>Tussi kanske m\u00e5r bra av att ha en sn\u00e4ll kattkompis eftersom hon har haft kattkompisar&nbsp;\u2026<\/p>\n","protected":false},"excerpt":{"rendered":"<p>Ig\u00e5r, 8\/6, flyttade Tussi till sitt nya hem i Lund. Lycka till lilla gumman! Tussi kom in till oss 10\/3 2022. Hon \u00e4r troligen f\u00f6dd i juli 2021 och hon finns i jourhem i Landskrona. Tussi \u00e4r en innekatt som \u00e4r livlig, busig och lekfull. Hon \u00e4r fortfarande mycket reserverad f\u00f6r fr\u00e4mlingar men i jourhemsfamiljen kommer hon fram och tycker om att bli klappad. Ligger g\u00e4rna i s\u00e4ngen p\u00e5 natten.&hellip;<\/p>\n<p><a class=\"more-link\" href=\"https:\/\/www.djurskyddet.se\/landskrona\/senaste-nytt\/tussi-2\/\" title=\"Continue reading &lsquo;Tussi&rsquo;\">L&auml;s mer<span class=\"meta-nav\">&raquo;<\/span><\/a><\/p>\n","protected":false},"author":27,"featured_media":0,"comment_status":"closed","ping_status":"open","sticky":false,"template":"","format":"standard","meta":{"_acf_changed":false,"footnotes":""},"categories":[18],"tags":[],"class_list":["post-8393","post","type-post","status-publish","format-standard","hentry","category-senaste-nytt"],"acf":[],"_links":{"self":[{"href":"https:\/\/www.djurskyddet.se\/landskrona\/wp-json\/wp\/v2\/posts\/8393","targetHints":{"allow":["GET"]}}],"collection":[{"href":"https:\/\/www.djurskyddet.se\/landskrona\/wp-json\/wp\/v2\/posts"}],"about":[{"href":"https:\/\/www.djurskyddet.se\/landskrona\/wp-json\/wp\/v2\/types\/post"}],"author":[{"embeddable":true,"href":"https:\/\/www.djurskyddet.se\/landskrona\/wp-json\/wp\/v2\/users\/27"}],"replies":[{"embeddable":true,"href":"https:\/\/www.djurskyddet.se\/landskrona\/wp-json\/wp\/v2\/comments?post=8393"}],"version-history":[{"count":1,"href":"https:\/\/www.djurskyddet.se\/landskrona\/wp-json\/wp\/v2\/posts\/8393\/revisions"}],"predecessor-version":[{"id":8394,"href":"https:\/\/www.djurskyddet.se\/landskrona\/wp-json\/wp\/v2\/posts\/8393\/revisions\/8394"}],"wp:attachment":[{"href":"https:\/\/www.djurskyddet.se\/landskrona\/wp-json\/wp\/v2\/media?parent=8393"}],"wp:term":[{"taxonomy":"category","embeddable":true,"href":"https:\/\/www.djurskyddet.se\/landskrona\/wp-json\/wp\/v2\/categories?post=8393"},{"taxonomy":"post_tag","embeddable":true,"href":"https:\/\/www.djurskyddet.se\/landskrona\/wp-json\/wp\/v2\/tags?post=8393"}],"curies":[{"name":"wp","href":"https:\/\/api.w.org\/{rel}","templated":true}]}}