{"id":8417,"date":"2022-07-03T10:44:12","date_gmt":"2022-07-03T10:44:12","guid":{"rendered":"https:\/\/www.djurskyddet.se\/landskrona\/?p=8417"},"modified":"2023-12-16T13:43:52","modified_gmt":"2023-12-16T13:43:52","slug":"vanjie-och-miso","status":"publish","type":"post","link":"https:\/\/www.djurskyddet.se\/landskrona\/senaste-nytt\/vanjie-och-miso\/","title":{"rendered":"Vanjie och Miso"},"content":{"rendered":"\n<figure class=\"wp-block-image size-medium\"><img loading=\"lazy\" decoding=\"async\" width=\"220\" height=\"300\" src=\"https:\/\/www.djurskyddet.se\/landskrona\/wp-content\/uploads\/sites\/22\/2022\/07\/Vanjie-och-Miso2-220x300.jpg\" alt=\"\" class=\"wp-image-9030\" srcset=\"https:\/\/www.djurskyddet.se\/landskrona\/wp-content\/uploads\/sites\/22\/2022\/07\/Vanjie-och-Miso2-220x300.jpg 220w, https:\/\/www.djurskyddet.se\/landskrona\/wp-content\/uploads\/sites\/22\/2022\/07\/Vanjie-och-Miso2-400x547.jpg 400w, https:\/\/www.djurskyddet.se\/landskrona\/wp-content\/uploads\/sites\/22\/2022\/07\/Vanjie-och-Miso2.jpg 720w\" sizes=\"auto, (max-width: 220px) 100vw, 220px\" \/><\/figure>\n\n\n\n<p class=\"has-background\" style=\"background-color:#e3fccc\">Systrarna Vanjie och Miso har nu hittat sitt f\u00f6ralltidhem! <\/p>\n\n\n\n<p>Vi \u00e4r tv\u00e5 systrar p\u00e5 3 \u00e5r som letar efter ett hem tillsammans. Vi \u00e4lskar att vara utomhus s\u00e5 att f\u00e5 bo i hus med tillg\u00e5ng till tr\u00e4dg\u00e5rd hade varit dr\u00f6mmen f\u00f6r oss b\u00e5da.<\/p>\n\n\n\n<p>Mitt namn \u00e4r <strong>Vanjie<\/strong> och det \u00e4r jag som \u00e4r tigrerad. Jag \u00e4r v\u00e4ldigt fram\u00e5t men kan bli lite f\u00f6rsiktig och blyg i b\u00f6rjan, men jag \u00e4r absolut inte sv\u00e5rfl\u00f6rtad. Det b\u00e4sta jag vet \u00e4r att f\u00e5 vara ute och k\u00e4nna den friska luften, kl\u00e4ttra i tr\u00e4d och k\u00e4nna gr\u00e4set under mina tassar.<\/p>\n\n\n\n<p>Mitt namn \u00e4r <strong>Miso<\/strong> och det \u00e4r jag som \u00e4r svart. Jag \u00e4r lite mer f\u00f6rsiktig \u00e4n min syster och kan vara lite blyg gentemot de jag inte k\u00e4nner. Men jobbar du lite f\u00f6r min tillit och kanske ger mig en och annan Dreamies  g\u00e5r det ganska snabbt. Gl\u00f6mmer du ta med Dreamies s\u00e5 \u00e4r det inga problem f\u00f6r d\u00e5 visar jag dig var de finns. Jag gillar ocks\u00e5 att vara utomhus men \u00e4r lite mer sansad ute \u00e4n vad min syster \u00e4r.<\/p>\n\n\n\n<p>Vi gillar b\u00e5da att ligga och sova i s\u00e4ngen tillsammans med de d\u00e4r m\u00e4nniskorna. Ibland kan det bli lite tr\u00e5ngt, men det \u00e4r helt okej f\u00f6r oss. Vi har alltid bott tillsammans s\u00e5 vi kan inte t\u00e4nka oss delat boende utan vill flytta tillsammans. Boendet ska vara utan sm\u00e5barn, f\u00f6r det gillar vi inte. Lite \u00e4ldre barn \u00e4r okej.<\/p>\n\n\n\n<pre class=\"wp-block-verse\"><\/pre>\n\n\n\n<p><strong>Vanjie<\/strong> och <strong>Miso<\/strong> \u00e4r:<\/p>\n\n\n\n<p>? Kastrerad<\/p>\n\n\n\n<p>? Chipm\u00e4rkt<\/p>\n\n\n\n<p>? Vaccinerad<\/p>\n\n\n\n<p>? Ska flytta tillsammans<\/p>\n\n\n\n<pre class=\"wp-block-verse\"><\/pre>\n\n\n\n<p>Adoptionsavgift: 1800:-\/katt<\/p>\n\n\n\n<pre class=\"wp-block-verse\"><\/pre>\n\n\n\n<p>\u00c4r&nbsp;<strong>Vanjie och Miso<\/strong>&nbsp;katterna f\u00f6r dig? Skicka in din intresseanm\u00e4lan till oss! \u2b07\ufe0f<\/p>\n","protected":false},"excerpt":{"rendered":"<p>Systrarna Vanjie och Miso har nu hittat sitt f\u00f6ralltidhem! Vi \u00e4r tv\u00e5 systrar p\u00e5 3 \u00e5r som letar efter ett hem tillsammans. Vi \u00e4lskar att vara utomhus s\u00e5 att f\u00e5 bo i hus med tillg\u00e5ng till tr\u00e4dg\u00e5rd hade varit dr\u00f6mmen f\u00f6r oss b\u00e5da. Mitt namn \u00e4r Vanjie och det \u00e4r jag som \u00e4r tigrerad. Jag \u00e4r v\u00e4ldigt fram\u00e5t men kan bli lite f\u00f6rsiktig och blyg i b\u00f6rjan, men jag \u00e4r&hellip;<\/p>\n<p><a class=\"more-link\" href=\"https:\/\/www.djurskyddet.se\/landskrona\/senaste-nytt\/vanjie-och-miso\/\" title=\"Continue reading &lsquo;Vanjie och Miso&rsquo;\">L&auml;s mer<span class=\"meta-nav\">&raquo;<\/span><\/a><\/p>\n","protected":false},"author":27,"featured_media":9030,"comment_status":"closed","ping_status":"open","sticky":false,"template":"","format":"standard","meta":{"_acf_changed":false,"footnotes":""},"categories":[18],"tags":[],"class_list":["post-8417","post","type-post","status-publish","format-standard","has-post-thumbnail","hentry","category-senaste-nytt"],"acf":[],"_links":{"self":[{"href":"https:\/\/www.djurskyddet.se\/landskrona\/wp-json\/wp\/v2\/posts\/8417","targetHints":{"allow":["GET"]}}],"collection":[{"href":"https:\/\/www.djurskyddet.se\/landskrona\/wp-json\/wp\/v2\/posts"}],"about":[{"href":"https:\/\/www.djurskyddet.se\/landskrona\/wp-json\/wp\/v2\/types\/post"}],"author":[{"embeddable":true,"href":"https:\/\/www.djurskyddet.se\/landskrona\/wp-json\/wp\/v2\/users\/27"}],"replies":[{"embeddable":true,"href":"https:\/\/www.djurskyddet.se\/landskrona\/wp-json\/wp\/v2\/comments?post=8417"}],"version-history":[{"count":7,"href":"https:\/\/www.djurskyddet.se\/landskrona\/wp-json\/wp\/v2\/posts\/8417\/revisions"}],"predecessor-version":[{"id":10068,"href":"https:\/\/www.djurskyddet.se\/landskrona\/wp-json\/wp\/v2\/posts\/8417\/revisions\/10068"}],"wp:featuredmedia":[{"embeddable":true,"href":"https:\/\/www.djurskyddet.se\/landskrona\/wp-json\/wp\/v2\/media\/9030"}],"wp:attachment":[{"href":"https:\/\/www.djurskyddet.se\/landskrona\/wp-json\/wp\/v2\/media?parent=8417"}],"wp:term":[{"taxonomy":"category","embeddable":true,"href":"https:\/\/www.djurskyddet.se\/landskrona\/wp-json\/wp\/v2\/categories?post=8417"},{"taxonomy":"post_tag","embeddable":true,"href":"https:\/\/www.djurskyddet.se\/landskrona\/wp-json\/wp\/v2\/tags?post=8417"}],"curies":[{"name":"wp","href":"https:\/\/api.w.org\/{rel}","templated":true}]}}