{"id":8472,"date":"2022-06-30T18:11:00","date_gmt":"2022-06-30T18:11:00","guid":{"rendered":"https:\/\/www.djurskyddet.se\/landskrona\/?p=8472"},"modified":"2022-07-10T18:13:34","modified_gmt":"2022-07-10T18:13:34","slug":"knuff","status":"publish","type":"post","link":"https:\/\/www.djurskyddet.se\/landskrona\/senaste-nytt\/knuff\/","title":{"rendered":"Knuff"},"content":{"rendered":"\n<figure class=\"wp-block-image size-full\"><img loading=\"lazy\" decoding=\"async\" width=\"768\" height=\"1024\" src=\"https:\/\/www.djurskyddet.se\/landskrona\/wp-content\/uploads\/sites\/22\/2022\/07\/Knuff.jpg\" alt=\"\" class=\"wp-image-8473\" srcset=\"https:\/\/www.djurskyddet.se\/landskrona\/wp-content\/uploads\/sites\/22\/2022\/07\/Knuff.jpg 768w, https:\/\/www.djurskyddet.se\/landskrona\/wp-content\/uploads\/sites\/22\/2022\/07\/Knuff-225x300.jpg 225w, https:\/\/www.djurskyddet.se\/landskrona\/wp-content\/uploads\/sites\/22\/2022\/07\/Knuff-400x533.jpg 400w\" sizes=\"auto, (max-width: 768px) 100vw, 768px\" \/><\/figure>\n\n\n\n<p>Knuff\/Knuffan har nu, 30\/6, f\u00e5tt ett nytt hem i Malm\u00f6. Jourhemmet hon varit i har best\u00e4mt sig f\u00f6r att adoptera henne. Lycka f\u00f6r lilla Knuff som haft s\u00e5 sv\u00e5rt f\u00f6r att b\u00f6rja lita p\u00e5 oss tv\u00e5beningar!<\/p>\n\n\n\n<p>Knuff f\u00e5ngades in 28 mars 2021 och har \u00e4ntligen b\u00f6rjat krypa ur sitt skal. En nyfiken flicka som \u00e4nnu har en bit kvar innan hon \u00e4r framme. Vi f\u00e5r kela med henne om hon ligger p\u00e5 sin favoritplats och \u00e4r p\u00e5 r\u00e4tt hum\u00f6r.<\/p>\n","protected":false},"excerpt":{"rendered":"<p>Knuff\/Knuffan har nu, 30\/6, f\u00e5tt ett nytt hem i Malm\u00f6. Jourhemmet hon varit i har best\u00e4mt sig f\u00f6r att adoptera henne. Lycka f\u00f6r lilla Knuff som haft s\u00e5 sv\u00e5rt f\u00f6r att b\u00f6rja lita p\u00e5 oss tv\u00e5beningar! Knuff f\u00e5ngades in 28 mars 2021 och har \u00e4ntligen b\u00f6rjat krypa ur sitt skal. En nyfiken flicka som \u00e4nnu har en bit kvar innan hon \u00e4r framme. Vi f\u00e5r kela med henne om hon&hellip;<\/p>\n<p><a class=\"more-link\" href=\"https:\/\/www.djurskyddet.se\/landskrona\/senaste-nytt\/knuff\/\" title=\"Continue reading &lsquo;Knuff&rsquo;\">L&auml;s mer<span class=\"meta-nav\">&raquo;<\/span><\/a><\/p>\n","protected":false},"author":27,"featured_media":0,"comment_status":"closed","ping_status":"open","sticky":false,"template":"","format":"standard","meta":{"_acf_changed":false,"footnotes":""},"categories":[18],"tags":[],"class_list":["post-8472","post","type-post","status-publish","format-standard","hentry","category-senaste-nytt"],"acf":[],"_links":{"self":[{"href":"https:\/\/www.djurskyddet.se\/landskrona\/wp-json\/wp\/v2\/posts\/8472","targetHints":{"allow":["GET"]}}],"collection":[{"href":"https:\/\/www.djurskyddet.se\/landskrona\/wp-json\/wp\/v2\/posts"}],"about":[{"href":"https:\/\/www.djurskyddet.se\/landskrona\/wp-json\/wp\/v2\/types\/post"}],"author":[{"embeddable":true,"href":"https:\/\/www.djurskyddet.se\/landskrona\/wp-json\/wp\/v2\/users\/27"}],"replies":[{"embeddable":true,"href":"https:\/\/www.djurskyddet.se\/landskrona\/wp-json\/wp\/v2\/comments?post=8472"}],"version-history":[{"count":1,"href":"https:\/\/www.djurskyddet.se\/landskrona\/wp-json\/wp\/v2\/posts\/8472\/revisions"}],"predecessor-version":[{"id":8474,"href":"https:\/\/www.djurskyddet.se\/landskrona\/wp-json\/wp\/v2\/posts\/8472\/revisions\/8474"}],"wp:attachment":[{"href":"https:\/\/www.djurskyddet.se\/landskrona\/wp-json\/wp\/v2\/media?parent=8472"}],"wp:term":[{"taxonomy":"category","embeddable":true,"href":"https:\/\/www.djurskyddet.se\/landskrona\/wp-json\/wp\/v2\/categories?post=8472"},{"taxonomy":"post_tag","embeddable":true,"href":"https:\/\/www.djurskyddet.se\/landskrona\/wp-json\/wp\/v2\/tags?post=8472"}],"curies":[{"name":"wp","href":"https:\/\/api.w.org\/{rel}","templated":true}]}}