{"id":8516,"date":"2022-07-18T14:22:00","date_gmt":"2022-07-18T14:22:00","guid":{"rendered":"https:\/\/www.djurskyddet.se\/landskrona\/?p=8516"},"modified":"2022-07-21T14:24:00","modified_gmt":"2022-07-21T14:24:00","slug":"castro-2","status":"publish","type":"post","link":"https:\/\/www.djurskyddet.se\/landskrona\/senaste-nytt\/castro-2\/","title":{"rendered":"Castro"},"content":{"rendered":"\n<figure class=\"wp-block-image size-full\"><img loading=\"lazy\" decoding=\"async\" width=\"640\" height=\"480\" src=\"https:\/\/www.djurskyddet.se\/landskrona\/wp-content\/uploads\/sites\/22\/2022\/06\/Castro.jpg\" alt=\"\" class=\"wp-image-8390\" srcset=\"https:\/\/www.djurskyddet.se\/landskrona\/wp-content\/uploads\/sites\/22\/2022\/06\/Castro.jpg 640w, https:\/\/www.djurskyddet.se\/landskrona\/wp-content\/uploads\/sites\/22\/2022\/06\/Castro-300x225.jpg 300w, https:\/\/www.djurskyddet.se\/landskrona\/wp-content\/uploads\/sites\/22\/2022\/06\/Castro-400x300.jpg 400w\" sizes=\"auto, (max-width: 640px) 100vw, 640px\" \/><\/figure>\n\n\n\n<p>I m\u00e5ndags, 18\/7, flyttade Castro till sitt nya hem i Perstorp.<\/p>\n\n\n\n<p>Castro finns i Vellinge.<\/p>\n\n\n\n<p>Castro \u00e4r en herre p\u00e5 8 \u00e5r som s\u00f6ker nytt hem. Han \u00e4r en gosig katt och vill hela tiden vara i centrum. Han trivs inte med sm\u00e5 barn och andra katter. Inte behov av att ha tillg\u00e5ng till utevistelse men g\u00e5r g\u00e4rna en promenad i koppel och ligger g\u00e4rna och spanar p\u00e5 en inn\u00e4tad balkong. Gillar att ligga h\u00f6gt p\u00e5 kl\u00f6str\u00e4det. Kr\u00e4ver en del p\u00e4lsv\u00e5rd.<\/p>\n","protected":false},"excerpt":{"rendered":"<p>I m\u00e5ndags, 18\/7, flyttade Castro till sitt nya hem i Perstorp. Castro finns i Vellinge. Castro \u00e4r en herre p\u00e5 8 \u00e5r som s\u00f6ker nytt hem. Han \u00e4r en gosig katt och vill hela tiden vara i centrum. Han trivs inte med sm\u00e5 barn och andra katter. Inte behov av att ha tillg\u00e5ng till utevistelse men g\u00e5r g\u00e4rna en promenad i koppel och ligger g\u00e4rna och spanar p\u00e5 en inn\u00e4tad&hellip;<\/p>\n<p><a class=\"more-link\" href=\"https:\/\/www.djurskyddet.se\/landskrona\/senaste-nytt\/castro-2\/\" title=\"Continue reading &lsquo;Castro&rsquo;\">L&auml;s mer<span class=\"meta-nav\">&raquo;<\/span><\/a><\/p>\n","protected":false},"author":27,"featured_media":0,"comment_status":"closed","ping_status":"open","sticky":false,"template":"","format":"standard","meta":{"_acf_changed":false,"footnotes":""},"categories":[18],"tags":[],"class_list":["post-8516","post","type-post","status-publish","format-standard","hentry","category-senaste-nytt"],"acf":[],"_links":{"self":[{"href":"https:\/\/www.djurskyddet.se\/landskrona\/wp-json\/wp\/v2\/posts\/8516","targetHints":{"allow":["GET"]}}],"collection":[{"href":"https:\/\/www.djurskyddet.se\/landskrona\/wp-json\/wp\/v2\/posts"}],"about":[{"href":"https:\/\/www.djurskyddet.se\/landskrona\/wp-json\/wp\/v2\/types\/post"}],"author":[{"embeddable":true,"href":"https:\/\/www.djurskyddet.se\/landskrona\/wp-json\/wp\/v2\/users\/27"}],"replies":[{"embeddable":true,"href":"https:\/\/www.djurskyddet.se\/landskrona\/wp-json\/wp\/v2\/comments?post=8516"}],"version-history":[{"count":1,"href":"https:\/\/www.djurskyddet.se\/landskrona\/wp-json\/wp\/v2\/posts\/8516\/revisions"}],"predecessor-version":[{"id":8517,"href":"https:\/\/www.djurskyddet.se\/landskrona\/wp-json\/wp\/v2\/posts\/8516\/revisions\/8517"}],"wp:attachment":[{"href":"https:\/\/www.djurskyddet.se\/landskrona\/wp-json\/wp\/v2\/media?parent=8516"}],"wp:term":[{"taxonomy":"category","embeddable":true,"href":"https:\/\/www.djurskyddet.se\/landskrona\/wp-json\/wp\/v2\/categories?post=8516"},{"taxonomy":"post_tag","embeddable":true,"href":"https:\/\/www.djurskyddet.se\/landskrona\/wp-json\/wp\/v2\/tags?post=8516"}],"curies":[{"name":"wp","href":"https:\/\/api.w.org\/{rel}","templated":true}]}}