{"id":8529,"date":"2022-08-06T11:48:00","date_gmt":"2022-08-06T11:48:00","guid":{"rendered":"https:\/\/www.djurskyddet.se\/landskrona\/?p=8529"},"modified":"2022-08-15T11:51:15","modified_gmt":"2022-08-15T11:51:15","slug":"alice-2","status":"publish","type":"post","link":"https:\/\/www.djurskyddet.se\/landskrona\/senaste-nytt\/alice-2\/","title":{"rendered":"Alice"},"content":{"rendered":"\n<figure class=\"wp-block-image size-full\"><img loading=\"lazy\" decoding=\"async\" width=\"323\" height=\"267\" src=\"https:\/\/www.djurskyddet.se\/landskrona\/wp-content\/uploads\/sites\/22\/2022\/08\/Alice3.jpg\" alt=\"\" class=\"wp-image-8530\" srcset=\"https:\/\/www.djurskyddet.se\/landskrona\/wp-content\/uploads\/sites\/22\/2022\/08\/Alice3.jpg 323w, https:\/\/www.djurskyddet.se\/landskrona\/wp-content\/uploads\/sites\/22\/2022\/08\/Alice3-300x248.jpg 300w\" sizes=\"auto, (max-width: 323px) 100vw, 323px\" \/><\/figure>\n\n\n\n<p>Ig\u00e5r, 6\/8, flyttade lilla fina Alice till sitt nya hem i Landskrona.<\/p>\n\n\n\n<p>Alice kom in till oss 27\/5 efter att hennes \u00e4gare avlidit. Hon \u00e4r 4 \u00e5r och kastrerad, chippad och vaccinerad 1 g\u00e5ng. 2:a vaccineringen f\u00e5r hon 18 juli och \u00e4r sedan redo f\u00f6r adoption.<\/p>\n\n\n\n<p>Jag heter Alice och kom till djurskyddet f\u00f6r jag blev djur\u00e4nkling. Det var l\u00e4skigt i b\u00f6rjan med flytt, nya m\u00e4nniskor och andra djur. F\u00f6r mig \u00e4r det viktigt att jag f\u00e5r ha ett &#8221;hemligt st\u00e4lle&#8221; d\u00e4r jag kan f\u00e5 g\u00f6mma mig och vara ifred.<\/p>\n\n\n\n<p>Det f\u00f6rstod inte jourhemmet som letade upp mig hela tiden. Nu har jag f\u00f6rst\u00e5tt att de var oroliga f\u00f6r mig. Till slut hittade jag ett s\u00e5 bra st\u00e4lle att de inte kunde hitta mig. Jag sm\u00f6g ut p\u00e5 n\u00e4tterna och bekantade mig med nya huset och de andra djuren. N\u00e4r jag var klar med det hoppade jag upp i s\u00e4ngen och m\u00e4nniskorna och de fick kela med mig och klappa mig. Ni kan inte ana hur kelen jag \u00e4r, det \u00e4r s\u00e5 mysigt. Numera kommer jag fram tidigare och tidigare f\u00f6r varje dag. Det blev lite stressigt n\u00e4r jag kom fram s\u00e5 sent. Jag skulle \u00e4ta, g\u00e5 p\u00e5 l\u00e5dan och hinna kela innan de gick och lade sig. Nu r\u00e4cker det att de \u00f6ppnar garderoben (ja det \u00e4r h\u00e4r jag g\u00f6mmer mig, och jag vet att de vet men, det g\u00f6r inget l\u00e4ngre) och kallar p\u00e5 mig s\u00e5 kommer jag som ett skott.<\/p>\n\n\n\n<p>Jag \u00e4r numera en pratglad och social katt, men \u00e4r fortfarande lite nerv\u00f6s, men oj vad jag tycker livet \u00e4r toppen.<\/p>\n\n\n\n<p>Lite att t\u00e4nka p\u00e5 innan du adopterar mig. Jag beh\u00f6ver min hemliga plats, jag \u00f6ppnar d\u00f6rrar s\u00e5 f\u00f6rs\u00f6k inte st\u00e4nga mig ute f\u00f6r d\u00e5 \u00f6ppnar jag alla d\u00f6rrar som finns, jag \u00e4r pratglad och kelen bara jag f\u00e5r min egentid.<\/p>\n","protected":false},"excerpt":{"rendered":"<p>Ig\u00e5r, 6\/8, flyttade lilla fina Alice till sitt nya hem i Landskrona. Alice kom in till oss 27\/5 efter att hennes \u00e4gare avlidit. Hon \u00e4r 4 \u00e5r och kastrerad, chippad och vaccinerad 1 g\u00e5ng. 2:a vaccineringen f\u00e5r hon 18 juli och \u00e4r sedan redo f\u00f6r adoption. Jag heter Alice och kom till djurskyddet f\u00f6r jag blev djur\u00e4nkling. Det var l\u00e4skigt i b\u00f6rjan med flytt, nya m\u00e4nniskor och andra djur. F\u00f6r&hellip;<\/p>\n<p><a class=\"more-link\" href=\"https:\/\/www.djurskyddet.se\/landskrona\/senaste-nytt\/alice-2\/\" title=\"Continue reading &lsquo;Alice&rsquo;\">L&auml;s mer<span class=\"meta-nav\">&raquo;<\/span><\/a><\/p>\n","protected":false},"author":27,"featured_media":0,"comment_status":"closed","ping_status":"open","sticky":false,"template":"","format":"standard","meta":{"_acf_changed":false,"footnotes":""},"categories":[18],"tags":[],"class_list":["post-8529","post","type-post","status-publish","format-standard","hentry","category-senaste-nytt"],"acf":[],"_links":{"self":[{"href":"https:\/\/www.djurskyddet.se\/landskrona\/wp-json\/wp\/v2\/posts\/8529","targetHints":{"allow":["GET"]}}],"collection":[{"href":"https:\/\/www.djurskyddet.se\/landskrona\/wp-json\/wp\/v2\/posts"}],"about":[{"href":"https:\/\/www.djurskyddet.se\/landskrona\/wp-json\/wp\/v2\/types\/post"}],"author":[{"embeddable":true,"href":"https:\/\/www.djurskyddet.se\/landskrona\/wp-json\/wp\/v2\/users\/27"}],"replies":[{"embeddable":true,"href":"https:\/\/www.djurskyddet.se\/landskrona\/wp-json\/wp\/v2\/comments?post=8529"}],"version-history":[{"count":1,"href":"https:\/\/www.djurskyddet.se\/landskrona\/wp-json\/wp\/v2\/posts\/8529\/revisions"}],"predecessor-version":[{"id":8531,"href":"https:\/\/www.djurskyddet.se\/landskrona\/wp-json\/wp\/v2\/posts\/8529\/revisions\/8531"}],"wp:attachment":[{"href":"https:\/\/www.djurskyddet.se\/landskrona\/wp-json\/wp\/v2\/media?parent=8529"}],"wp:term":[{"taxonomy":"category","embeddable":true,"href":"https:\/\/www.djurskyddet.se\/landskrona\/wp-json\/wp\/v2\/categories?post=8529"},{"taxonomy":"post_tag","embeddable":true,"href":"https:\/\/www.djurskyddet.se\/landskrona\/wp-json\/wp\/v2\/tags?post=8529"}],"curies":[{"name":"wp","href":"https:\/\/api.w.org\/{rel}","templated":true}]}}