{"id":8622,"date":"2022-09-04T17:22:00","date_gmt":"2022-09-04T17:22:00","guid":{"rendered":"https:\/\/www.djurskyddet.se\/landskrona\/?p=8622"},"modified":"2022-09-25T17:24:41","modified_gmt":"2022-09-25T17:24:41","slug":"tussi-och-isse-2","status":"publish","type":"post","link":"https:\/\/www.djurskyddet.se\/landskrona\/senaste-nytt\/tussi-och-isse-2\/","title":{"rendered":"Tussi och Isse"},"content":{"rendered":"\n<figure class=\"wp-block-image size-full\"><img loading=\"lazy\" decoding=\"async\" width=\"869\" height=\"483\" src=\"https:\/\/www.djurskyddet.se\/landskrona\/wp-content\/uploads\/sites\/22\/2022\/07\/Tussi-och-Isse.png\" alt=\"\" class=\"wp-image-8496\" srcset=\"https:\/\/www.djurskyddet.se\/landskrona\/wp-content\/uploads\/sites\/22\/2022\/07\/Tussi-och-Isse.png 869w, https:\/\/www.djurskyddet.se\/landskrona\/wp-content\/uploads\/sites\/22\/2022\/07\/Tussi-och-Isse-300x167.png 300w, https:\/\/www.djurskyddet.se\/landskrona\/wp-content\/uploads\/sites\/22\/2022\/07\/Tussi-och-Isse-768x427.png 768w, https:\/\/www.djurskyddet.se\/landskrona\/wp-content\/uploads\/sites\/22\/2022\/07\/Tussi-och-Isse-400x222.png 400w\" sizes=\"auto, (max-width: 869px) 100vw, 869px\" \/><\/figure>\n\n\n\n<p>Idag, 4\/9, flyttade Tussi och Isse till sitt nya hem i K\u00e4vlinge.\u00a0Vi \u00f6nskar dem lycka till!<\/p>\n\n\n\n<p>Tussi (till v\u00e4nster) och Isse (till h\u00f6ger) finns i jourhem i L\u00f6ddek\u00f6pinge<\/p>\n\n\n\n<p>Idag kom vi till Djurskyddet Landskrona f\u00f6r vi har blivit djur\u00e4nklingar. Vi \u00e4r sn\u00e4lla och sociala katter som beh\u00f6ver nytt hem. Vi \u00e4r v\u00e4ldigt f\u00e4sta vid varandra och vill forts\u00e4tta att bo tillsammans. Vi har ju bara varandra nu.<\/p>\n\n\n\n<p>Tussi \u00e4r 6 \u00e5r, hona, lite \u00f6verviktig och en mycket trevlig katt.<br>Isse \u00e4r 4 \u00e5r, hane, ocks\u00e5 i g\u00e5tt hull och mycket trevlig.<\/p>\n","protected":false},"excerpt":{"rendered":"<p>Idag, 4\/9, flyttade Tussi och Isse till sitt nya hem i K\u00e4vlinge.\u00a0Vi \u00f6nskar dem lycka till! Tussi (till v\u00e4nster) och Isse (till h\u00f6ger) finns i jourhem i L\u00f6ddek\u00f6pinge Idag kom vi till Djurskyddet Landskrona f\u00f6r vi har blivit djur\u00e4nklingar. Vi \u00e4r sn\u00e4lla och sociala katter som beh\u00f6ver nytt hem. Vi \u00e4r v\u00e4ldigt f\u00e4sta vid varandra och vill forts\u00e4tta att bo tillsammans. Vi har ju bara varandra nu. Tussi \u00e4r 6&hellip;<\/p>\n<p><a class=\"more-link\" href=\"https:\/\/www.djurskyddet.se\/landskrona\/senaste-nytt\/tussi-och-isse-2\/\" title=\"Continue reading &lsquo;Tussi och Isse&rsquo;\">L&auml;s mer<span class=\"meta-nav\">&raquo;<\/span><\/a><\/p>\n","protected":false},"author":27,"featured_media":0,"comment_status":"closed","ping_status":"open","sticky":false,"template":"","format":"standard","meta":{"_acf_changed":false,"footnotes":""},"categories":[18],"tags":[],"class_list":["post-8622","post","type-post","status-publish","format-standard","hentry","category-senaste-nytt"],"acf":[],"_links":{"self":[{"href":"https:\/\/www.djurskyddet.se\/landskrona\/wp-json\/wp\/v2\/posts\/8622","targetHints":{"allow":["GET"]}}],"collection":[{"href":"https:\/\/www.djurskyddet.se\/landskrona\/wp-json\/wp\/v2\/posts"}],"about":[{"href":"https:\/\/www.djurskyddet.se\/landskrona\/wp-json\/wp\/v2\/types\/post"}],"author":[{"embeddable":true,"href":"https:\/\/www.djurskyddet.se\/landskrona\/wp-json\/wp\/v2\/users\/27"}],"replies":[{"embeddable":true,"href":"https:\/\/www.djurskyddet.se\/landskrona\/wp-json\/wp\/v2\/comments?post=8622"}],"version-history":[{"count":1,"href":"https:\/\/www.djurskyddet.se\/landskrona\/wp-json\/wp\/v2\/posts\/8622\/revisions"}],"predecessor-version":[{"id":8623,"href":"https:\/\/www.djurskyddet.se\/landskrona\/wp-json\/wp\/v2\/posts\/8622\/revisions\/8623"}],"wp:attachment":[{"href":"https:\/\/www.djurskyddet.se\/landskrona\/wp-json\/wp\/v2\/media?parent=8622"}],"wp:term":[{"taxonomy":"category","embeddable":true,"href":"https:\/\/www.djurskyddet.se\/landskrona\/wp-json\/wp\/v2\/categories?post=8622"},{"taxonomy":"post_tag","embeddable":true,"href":"https:\/\/www.djurskyddet.se\/landskrona\/wp-json\/wp\/v2\/tags?post=8622"}],"curies":[{"name":"wp","href":"https:\/\/api.w.org\/{rel}","templated":true}]}}