{"id":8625,"date":"2022-09-05T17:26:00","date_gmt":"2022-09-05T17:26:00","guid":{"rendered":"https:\/\/www.djurskyddet.se\/landskrona\/?p=8625"},"modified":"2022-09-25T17:28:36","modified_gmt":"2022-09-25T17:28:36","slug":"oden-och-kvaser","status":"publish","type":"post","link":"https:\/\/www.djurskyddet.se\/landskrona\/senaste-nytt\/oden-och-kvaser\/","title":{"rendered":"Oden och Kvaser"},"content":{"rendered":"\n<figure class=\"wp-block-image size-full\"><img loading=\"lazy\" decoding=\"async\" width=\"720\" height=\"960\" src=\"https:\/\/www.djurskyddet.se\/landskrona\/wp-content\/uploads\/sites\/22\/2022\/09\/Oden-och-Kvaser.jpg\" alt=\"\" class=\"wp-image-8626\" srcset=\"https:\/\/www.djurskyddet.se\/landskrona\/wp-content\/uploads\/sites\/22\/2022\/09\/Oden-och-Kvaser.jpg 720w, https:\/\/www.djurskyddet.se\/landskrona\/wp-content\/uploads\/sites\/22\/2022\/09\/Oden-och-Kvaser-225x300.jpg 225w, https:\/\/www.djurskyddet.se\/landskrona\/wp-content\/uploads\/sites\/22\/2022\/09\/Oden-och-Kvaser-400x533.jpg 400w\" sizes=\"auto, (max-width: 720px) 100vw, 720px\" \/><\/figure>\n\n\n\n<p><\/p>\n\n\n\n<p>Oden och Kvaser, tv\u00e5 av kattungarna som togs in 23\/6 har flyttat till sitt nya hem i Sval\u00f6v 5\/9.<\/p>\n\n\n\n<p>Dessa tv\u00e5 var de st\u00f6rsta och busigaste i gruppen.<\/p>\n\n\n\n<p>S\u00e5 h\u00e4r ber\u00e4ttar de sj\u00e4lva: Vi leker mest med varandra, det \u00e4r l\u00e4ttast s\u00e5. N\u00e4r vi leker och brottas med de andra blir vi tillsagda av v\u00e5ra mammor och jourmatte att vi ska vara sn\u00e4lla. Nu \u00e4r vi s\u00e5 glada att vi kunde flytta till v\u00e5rt nya hem tillsammans.<\/p>\n","protected":false},"excerpt":{"rendered":"<p>Oden och Kvaser, tv\u00e5 av kattungarna som togs in 23\/6 har flyttat till sitt nya hem i Sval\u00f6v 5\/9. Dessa tv\u00e5 var de st\u00f6rsta och busigaste i gruppen. S\u00e5 h\u00e4r ber\u00e4ttar de sj\u00e4lva: Vi leker mest med varandra, det \u00e4r l\u00e4ttast s\u00e5. N\u00e4r vi leker och brottas med de andra blir vi tillsagda av v\u00e5ra mammor och jourmatte att vi ska vara sn\u00e4lla. Nu \u00e4r vi s\u00e5 glada att vi&hellip;<\/p>\n<p><a class=\"more-link\" href=\"https:\/\/www.djurskyddet.se\/landskrona\/senaste-nytt\/oden-och-kvaser\/\" title=\"Continue reading &lsquo;Oden och Kvaser&rsquo;\">L&auml;s mer<span class=\"meta-nav\">&raquo;<\/span><\/a><\/p>\n","protected":false},"author":27,"featured_media":0,"comment_status":"closed","ping_status":"open","sticky":false,"template":"","format":"standard","meta":{"_acf_changed":false,"footnotes":""},"categories":[18],"tags":[],"class_list":["post-8625","post","type-post","status-publish","format-standard","hentry","category-senaste-nytt"],"acf":[],"_links":{"self":[{"href":"https:\/\/www.djurskyddet.se\/landskrona\/wp-json\/wp\/v2\/posts\/8625","targetHints":{"allow":["GET"]}}],"collection":[{"href":"https:\/\/www.djurskyddet.se\/landskrona\/wp-json\/wp\/v2\/posts"}],"about":[{"href":"https:\/\/www.djurskyddet.se\/landskrona\/wp-json\/wp\/v2\/types\/post"}],"author":[{"embeddable":true,"href":"https:\/\/www.djurskyddet.se\/landskrona\/wp-json\/wp\/v2\/users\/27"}],"replies":[{"embeddable":true,"href":"https:\/\/www.djurskyddet.se\/landskrona\/wp-json\/wp\/v2\/comments?post=8625"}],"version-history":[{"count":1,"href":"https:\/\/www.djurskyddet.se\/landskrona\/wp-json\/wp\/v2\/posts\/8625\/revisions"}],"predecessor-version":[{"id":8627,"href":"https:\/\/www.djurskyddet.se\/landskrona\/wp-json\/wp\/v2\/posts\/8625\/revisions\/8627"}],"wp:attachment":[{"href":"https:\/\/www.djurskyddet.se\/landskrona\/wp-json\/wp\/v2\/media?parent=8625"}],"wp:term":[{"taxonomy":"category","embeddable":true,"href":"https:\/\/www.djurskyddet.se\/landskrona\/wp-json\/wp\/v2\/categories?post=8625"},{"taxonomy":"post_tag","embeddable":true,"href":"https:\/\/www.djurskyddet.se\/landskrona\/wp-json\/wp\/v2\/tags?post=8625"}],"curies":[{"name":"wp","href":"https:\/\/api.w.org\/{rel}","templated":true}]}}