{"id":8690,"date":"2022-10-08T10:09:00","date_gmt":"2022-10-08T10:09:00","guid":{"rendered":"https:\/\/www.djurskyddet.se\/landskrona\/?p=8690"},"modified":"2022-11-12T10:37:12","modified_gmt":"2022-11-12T10:37:12","slug":"hermod-och-balder-2","status":"publish","type":"post","link":"https:\/\/www.djurskyddet.se\/landskrona\/senaste-nytt\/hermod-och-balder-2\/","title":{"rendered":"Hermod och Balder"},"content":{"rendered":"\n<figure class=\"wp-block-image size-full\"><img loading=\"lazy\" decoding=\"async\" width=\"541\" height=\"666\" src=\"https:\/\/www.djurskyddet.se\/landskrona\/wp-content\/uploads\/sites\/22\/2022\/10\/Hermod-och-Balder-1.jpg\" alt=\"\" class=\"wp-image-8691\" srcset=\"https:\/\/www.djurskyddet.se\/landskrona\/wp-content\/uploads\/sites\/22\/2022\/10\/Hermod-och-Balder-1.jpg 541w, https:\/\/www.djurskyddet.se\/landskrona\/wp-content\/uploads\/sites\/22\/2022\/10\/Hermod-och-Balder-1-244x300.jpg 244w, https:\/\/www.djurskyddet.se\/landskrona\/wp-content\/uploads\/sites\/22\/2022\/10\/Hermod-och-Balder-1-400x492.jpg 400w\" sizes=\"auto, (max-width: 541px) 100vw, 541px\" \/><figcaption>Ig\u00e5r, 8\/10, flyttade Hermod och Balder till sitt nya hem p\u00e5 landet i Flyinge. Vi \u00f6nskar dem lycka till!<br><br>Hermod och Balder finns i jourhem i Malm\u00f6.<br><br>Hermod (m\u00f6rk tigrerad) Balder (ljus tigrerad) tv\u00e5 br\u00f6der f\u00f6dda ca 17\/5. De \u00e4r tv\u00e5 av kattungarna som togs in 23\/6. S\u00e5 beroende av varandra och \u00e4nd\u00e5 med totalt olika personligheter. Busiga killar som s\u00e4llan g\u00f6r oss annat \u00e4n glada. Hermod: Den kloka och fundersamma katten. Ibland kan vi komma p\u00e5 honom med att sitta och stirra rakt ut i luften . D\u00e5 har han ett problem eller en g\u00e5ta att l\u00f6sa. Han m\u00f6ter oss vid d\u00f6rren och \u00e4r v\u00e4ldigt pratig. Sover g\u00e4rna i s\u00e4ngen och ibland \u00e4ven under t\u00e4cket. Allt n\u00e4r han vill, och \u00e4r p\u00e5 hum\u00f6r f\u00f6r det. Ska han b\u00e4ras ska han vara tr\u00f6tt och d\u00e5 ska du helst ha b\u00e5da i famnen. Klok och vis katt-pojke som tar hand om sin inte alls lika kloka bror Balder Balder: Allas favorit. G\u00e5r att b\u00e4ra som en bebis, kryper g\u00e4rna n\u00e4ra i soffan men bara d\u00e4r, vill inte alls sova i s\u00e4ngen. Otroligt naiv och har verkligen inget konsekvens-t\u00e4nk utan bara g\u00f6r saker och sen f\u00e5r Hermod reda ut problemen \u00e5t honom. Vet inte hur m\u00e5nga g\u00e5nger han hoppat in i tv\u00e4ttmaskinen. De som adopterar dessa tv\u00e5 busar f\u00e5r spendera de n\u00e4rmaste 20 \u00e5ren med att kolla, dubbel kolla och trippelkolla tv\u00e4ttmaskinen varje g\u00e5ng innan start. Men han \u00e4r snabbt f\u00f6rl\u00e5ten med den charmen han har.<\/figcaption><\/figure>\n","protected":false},"excerpt":{"rendered":"","protected":false},"author":27,"featured_media":0,"comment_status":"closed","ping_status":"open","sticky":false,"template":"","format":"standard","meta":{"_acf_changed":false,"footnotes":""},"categories":[18],"tags":[],"class_list":["post-8690","post","type-post","status-publish","format-standard","hentry","category-senaste-nytt"],"acf":[],"_links":{"self":[{"href":"https:\/\/www.djurskyddet.se\/landskrona\/wp-json\/wp\/v2\/posts\/8690","targetHints":{"allow":["GET"]}}],"collection":[{"href":"https:\/\/www.djurskyddet.se\/landskrona\/wp-json\/wp\/v2\/posts"}],"about":[{"href":"https:\/\/www.djurskyddet.se\/landskrona\/wp-json\/wp\/v2\/types\/post"}],"author":[{"embeddable":true,"href":"https:\/\/www.djurskyddet.se\/landskrona\/wp-json\/wp\/v2\/users\/27"}],"replies":[{"embeddable":true,"href":"https:\/\/www.djurskyddet.se\/landskrona\/wp-json\/wp\/v2\/comments?post=8690"}],"version-history":[{"count":1,"href":"https:\/\/www.djurskyddet.se\/landskrona\/wp-json\/wp\/v2\/posts\/8690\/revisions"}],"predecessor-version":[{"id":8692,"href":"https:\/\/www.djurskyddet.se\/landskrona\/wp-json\/wp\/v2\/posts\/8690\/revisions\/8692"}],"wp:attachment":[{"href":"https:\/\/www.djurskyddet.se\/landskrona\/wp-json\/wp\/v2\/media?parent=8690"}],"wp:term":[{"taxonomy":"category","embeddable":true,"href":"https:\/\/www.djurskyddet.se\/landskrona\/wp-json\/wp\/v2\/categories?post=8690"},{"taxonomy":"post_tag","embeddable":true,"href":"https:\/\/www.djurskyddet.se\/landskrona\/wp-json\/wp\/v2\/tags?post=8690"}],"curies":[{"name":"wp","href":"https:\/\/api.w.org\/{rel}","templated":true}]}}