{"id":8721,"date":"2022-11-03T14:37:42","date_gmt":"2022-11-03T14:37:42","guid":{"rendered":"https:\/\/www.djurskyddet.se\/landskrona\/?p=8721"},"modified":"2024-01-08T21:30:24","modified_gmt":"2024-01-08T21:30:24","slug":"malta","status":"publish","type":"post","link":"https:\/\/www.djurskyddet.se\/landskrona\/senaste-nytt\/malta\/","title":{"rendered":"Malta"},"content":{"rendered":"\n<figure class=\"wp-block-image size-full\"><img loading=\"lazy\" decoding=\"async\" width=\"391\" height=\"522\" src=\"https:\/\/www.djurskyddet.se\/landskrona\/wp-content\/uploads\/sites\/22\/2022\/11\/Malta2-1-e1684958316682.jpg\" alt=\"\" class=\"wp-image-9153\" srcset=\"https:\/\/www.djurskyddet.se\/landskrona\/wp-content\/uploads\/sites\/22\/2022\/11\/Malta2-1-e1684958316682.jpg 391w, https:\/\/www.djurskyddet.se\/landskrona\/wp-content\/uploads\/sites\/22\/2022\/11\/Malta2-1-e1684958316682-225x300.jpg 225w\" sizes=\"auto, (max-width: 391px) 100vw, 391px\" \/><\/figure>\n\n\n\n<p class=\"has-background\" style=\"background-color:#def5cf\">Fina Malta har flyttat till sitt f\u00f6ralltidhem tillsammans med Sune. Lycka till killar! ?<\/p>\n\n\n\n<p>Jag \u00e4r en kille p\u00e5 snart 1,5 \u00e5r. Jag och min bror Marocko f\u00e5ngades in p\u00e5 en g\u00e5rd och d\u00e4refter hamnade vi i ett av jourhemmen.<\/p>\n\n\n\n<p><\/p>\n\n\n\n<p>Jag \u00e4r en v\u00e4ldigt busig katt som uppskattar att leka med det mesta. De d\u00e4r pinnarna, som m\u00e4nniskorna kallar f\u00f6r kattsp\u00f6n, de \u00e4r v\u00e4ldigt roliga att hoppa efter och f\u00f6rs\u00f6ka ta. Men man kan precis lika g\u00e4rna springa och jaga dem. Sm\u00e5 leksaker som jag kan b\u00e4ra runt p\u00e5 och gillar jag med. Speciellt om man kan sparka rundor med dem p\u00e5 golvet. N\u00e4r jag inte busar s\u00e5 brukar jag l\u00e4gga mig p\u00e5 min absoluta favoritplats&#8230;.f\u00f6nsterkarmen. D\u00e4r kan jag ligga och njuta i timmar, speciellt om solen \u00e4r framme.<\/p>\n\n\n\n<p><\/p>\n\n\n\n<p>I b\u00f6rjan har jag lite sv\u00e5rt att lita p\u00e5 de d\u00e4r m\u00e4nniskorna, men efter ett tag s\u00e5 g\u00e5r det bra och d\u00e5 \u00e4lskar jag n\u00e4r de kelar med mig. Har man bara lite t\u00e5lamod med mig s\u00e5 kommer jag fram till dig, men har du leksaker eller godis s\u00e5 g\u00e5r det genast mycket snabbare och l\u00e4ttare. <\/p>\n\n\n\n<p>M\u00e4nniskorna jag bor med s\u00e4ger att s\u00e5 fort jag b\u00f6rjade lita p\u00e5 dem s\u00e5 blev jag s\u00e5 otroligt social och pratglad.<\/p>\n\n\n\n<p><\/p>\n\n\n\n<p>Jag \u00e4lskar att kela med andra katter s\u00e5 jag hade uppskattat en kattkompis i hemmet jag kommer till.<\/p>\n\n\n\n<pre class=\"wp-block-verse\"><\/pre>\n\n\n\n<p><strong>Malta \u00e4r:<\/strong><\/p>\n\n\n\n<p>? Kastrerad<\/p>\n\n\n\n<p>? Chipm\u00e4rkt<\/p>\n\n\n\n<p>? Vaccinerad<\/p>\n\n\n\n<pre class=\"wp-block-verse\"><\/pre>\n\n\n\n<p>Adoptionsavgift: 1800:-<\/p>\n\n\n\n<pre class=\"wp-block-verse\"><\/pre>\n\n\n\n<p>\u00c4r&nbsp;<strong>Malta<\/strong>&nbsp;katten f\u00f6r dig? Skicka in din intresseanm\u00e4lan till oss! \u2b07\ufe0f<\/p>\n","protected":false},"excerpt":{"rendered":"<p>Fina Malta har flyttat till sitt f\u00f6ralltidhem tillsammans med Sune. Lycka till killar! ? Jag \u00e4r en kille p\u00e5 snart 1,5 \u00e5r. Jag och min bror Marocko f\u00e5ngades in p\u00e5 en g\u00e5rd och d\u00e4refter hamnade vi i ett av jourhemmen. Jag \u00e4r en v\u00e4ldigt busig katt som uppskattar att leka med det mesta. De d\u00e4r pinnarna, som m\u00e4nniskorna kallar f\u00f6r kattsp\u00f6n, de \u00e4r v\u00e4ldigt roliga att hoppa efter och f\u00f6rs\u00f6ka&hellip;<\/p>\n<p><a class=\"more-link\" href=\"https:\/\/www.djurskyddet.se\/landskrona\/senaste-nytt\/malta\/\" title=\"Continue reading &lsquo;Malta&rsquo;\">L&auml;s mer<span class=\"meta-nav\">&raquo;<\/span><\/a><\/p>\n","protected":false},"author":27,"featured_media":9153,"comment_status":"closed","ping_status":"open","sticky":false,"template":"","format":"standard","meta":{"_acf_changed":false,"footnotes":""},"categories":[18],"tags":[],"class_list":["post-8721","post","type-post","status-publish","format-standard","has-post-thumbnail","hentry","category-senaste-nytt"],"acf":[],"_links":{"self":[{"href":"https:\/\/www.djurskyddet.se\/landskrona\/wp-json\/wp\/v2\/posts\/8721","targetHints":{"allow":["GET"]}}],"collection":[{"href":"https:\/\/www.djurskyddet.se\/landskrona\/wp-json\/wp\/v2\/posts"}],"about":[{"href":"https:\/\/www.djurskyddet.se\/landskrona\/wp-json\/wp\/v2\/types\/post"}],"author":[{"embeddable":true,"href":"https:\/\/www.djurskyddet.se\/landskrona\/wp-json\/wp\/v2\/users\/27"}],"replies":[{"embeddable":true,"href":"https:\/\/www.djurskyddet.se\/landskrona\/wp-json\/wp\/v2\/comments?post=8721"}],"version-history":[{"count":11,"href":"https:\/\/www.djurskyddet.se\/landskrona\/wp-json\/wp\/v2\/posts\/8721\/revisions"}],"predecessor-version":[{"id":10110,"href":"https:\/\/www.djurskyddet.se\/landskrona\/wp-json\/wp\/v2\/posts\/8721\/revisions\/10110"}],"wp:featuredmedia":[{"embeddable":true,"href":"https:\/\/www.djurskyddet.se\/landskrona\/wp-json\/wp\/v2\/media\/9153"}],"wp:attachment":[{"href":"https:\/\/www.djurskyddet.se\/landskrona\/wp-json\/wp\/v2\/media?parent=8721"}],"wp:term":[{"taxonomy":"category","embeddable":true,"href":"https:\/\/www.djurskyddet.se\/landskrona\/wp-json\/wp\/v2\/categories?post=8721"},{"taxonomy":"post_tag","embeddable":true,"href":"https:\/\/www.djurskyddet.se\/landskrona\/wp-json\/wp\/v2\/tags?post=8721"}],"curies":[{"name":"wp","href":"https:\/\/api.w.org\/{rel}","templated":true}]}}