{"id":8726,"date":"2022-10-22T13:33:00","date_gmt":"2022-10-22T13:33:00","guid":{"rendered":"https:\/\/www.djurskyddet.se\/landskrona\/?p=8726"},"modified":"2022-11-12T10:37:28","modified_gmt":"2022-11-12T10:37:28","slug":"hallon-2","status":"publish","type":"post","link":"https:\/\/www.djurskyddet.se\/landskrona\/senaste-nytt\/hallon-2\/","title":{"rendered":"Hallon"},"content":{"rendered":"\n<figure class=\"wp-block-image size-full\"><img loading=\"lazy\" decoding=\"async\" width=\"589\" height=\"960\" src=\"https:\/\/www.djurskyddet.se\/landskrona\/wp-content\/uploads\/sites\/22\/2022\/10\/Hallon.jpg\" alt=\"\" class=\"wp-image-8661\" srcset=\"https:\/\/www.djurskyddet.se\/landskrona\/wp-content\/uploads\/sites\/22\/2022\/10\/Hallon.jpg 589w, https:\/\/www.djurskyddet.se\/landskrona\/wp-content\/uploads\/sites\/22\/2022\/10\/Hallon-184x300.jpg 184w, https:\/\/www.djurskyddet.se\/landskrona\/wp-content\/uploads\/sites\/22\/2022\/10\/Hallon-400x652.jpg 400w\" sizes=\"auto, (max-width: 589px) 100vw, 589px\" \/><\/figure>\n\n\n\n<p>Ig\u00e5r, 22\/10, flyttade lilla Hallon till sitt nya hem i Gisl\u00f6vs l\u00e4ge i Trelleborg. Lycka till lilla gumman!<\/p>\n\n\n\n<p>Hej, jag heter Hallon och kom in till Djurskyddet Landskrona 22\/8. Jag finns i jourhem i Malm\u00f6.<\/p>\n\n\n\n<p>Hallon, denna vackra prinsessa som fick en tuff start i livet. Hon \u00e4r f\u00f6dd ute men l\u00e4rde sig \u00e4nd\u00e5 ganska snabbt att lita p\u00e5 oss m\u00e4nniskor, s\u00e5 pass mycket att hon f\u00f6dde sina ungar inomhus hos sn\u00e4lla m\u00e4nniskor, som tog hand om hennes ungar och hittade nya hem till dem. Precis som s\u00e5 m\u00e5nga andra okastrerade honor fick hon en kull med ungar alldeles f\u00f6r tidigt i livet, men klarade av att uppfostra dem.<\/p>\n\n\n\n<p>Vi fick vetskap om hennes situation och tog henne under v\u00e5ra vingar. Hon blev kastrerad och fick omv\u00e5rdnad i ett av v\u00e5ra jourhem. Det blev en stor omst\u00e4llning f\u00f6r den lilla kattflickan och hon g\u00f6mde sig i tv\u00e5 veckor. Det var den tiden hon beh\u00f6vde f\u00f6r \u00e5terh\u00e4mtning. Nu \u00e4r hon en social kelen och aktiv katt. \u00c4lskar att leka och vill ha plats f\u00f6r sina energiutbrott. Hallon ligger g\u00e4rna och myser i ditt kn\u00e4, ja helt enkelt v\u00e4ldigt n\u00e4ra. En ung dam p\u00e5 drygt 1 \u00e5r som fick bli mamma alldeles f\u00f6r tidigt och inte f\u00e5tt vara ung och bekymmersfri vilket hon tar igen med r\u00e5ge nu.<\/p>\n","protected":false},"excerpt":{"rendered":"<p>Ig\u00e5r, 22\/10, flyttade lilla Hallon till sitt nya hem i Gisl\u00f6vs l\u00e4ge i Trelleborg. Lycka till lilla gumman! Hej, jag heter Hallon och kom in till Djurskyddet Landskrona 22\/8. Jag finns i jourhem i Malm\u00f6. Hallon, denna vackra prinsessa som fick en tuff start i livet. Hon \u00e4r f\u00f6dd ute men l\u00e4rde sig \u00e4nd\u00e5 ganska snabbt att lita p\u00e5 oss m\u00e4nniskor, s\u00e5 pass mycket att hon f\u00f6dde sina ungar inomhus&hellip;<\/p>\n<p><a class=\"more-link\" href=\"https:\/\/www.djurskyddet.se\/landskrona\/senaste-nytt\/hallon-2\/\" title=\"Continue reading &lsquo;Hallon&rsquo;\">L&auml;s mer<span class=\"meta-nav\">&raquo;<\/span><\/a><\/p>\n","protected":false},"author":27,"featured_media":0,"comment_status":"closed","ping_status":"open","sticky":false,"template":"","format":"standard","meta":{"_acf_changed":false,"footnotes":""},"categories":[18],"tags":[],"class_list":["post-8726","post","type-post","status-publish","format-standard","hentry","category-senaste-nytt"],"acf":[],"_links":{"self":[{"href":"https:\/\/www.djurskyddet.se\/landskrona\/wp-json\/wp\/v2\/posts\/8726","targetHints":{"allow":["GET"]}}],"collection":[{"href":"https:\/\/www.djurskyddet.se\/landskrona\/wp-json\/wp\/v2\/posts"}],"about":[{"href":"https:\/\/www.djurskyddet.se\/landskrona\/wp-json\/wp\/v2\/types\/post"}],"author":[{"embeddable":true,"href":"https:\/\/www.djurskyddet.se\/landskrona\/wp-json\/wp\/v2\/users\/27"}],"replies":[{"embeddable":true,"href":"https:\/\/www.djurskyddet.se\/landskrona\/wp-json\/wp\/v2\/comments?post=8726"}],"version-history":[{"count":1,"href":"https:\/\/www.djurskyddet.se\/landskrona\/wp-json\/wp\/v2\/posts\/8726\/revisions"}],"predecessor-version":[{"id":8727,"href":"https:\/\/www.djurskyddet.se\/landskrona\/wp-json\/wp\/v2\/posts\/8726\/revisions\/8727"}],"wp:attachment":[{"href":"https:\/\/www.djurskyddet.se\/landskrona\/wp-json\/wp\/v2\/media?parent=8726"}],"wp:term":[{"taxonomy":"category","embeddable":true,"href":"https:\/\/www.djurskyddet.se\/landskrona\/wp-json\/wp\/v2\/categories?post=8726"},{"taxonomy":"post_tag","embeddable":true,"href":"https:\/\/www.djurskyddet.se\/landskrona\/wp-json\/wp\/v2\/tags?post=8726"}],"curies":[{"name":"wp","href":"https:\/\/api.w.org\/{rel}","templated":true}]}}