{"id":8730,"date":"2022-10-28T13:37:00","date_gmt":"2022-10-28T13:37:00","guid":{"rendered":"https:\/\/www.djurskyddet.se\/landskrona\/?p=8730"},"modified":"2022-11-12T10:34:39","modified_gmt":"2022-11-12T10:34:39","slug":"mymlan-2","status":"publish","type":"post","link":"https:\/\/www.djurskyddet.se\/landskrona\/senaste-nytt\/mymlan-2\/","title":{"rendered":"Mymlan"},"content":{"rendered":"\n<figure class=\"wp-block-image size-full\"><img loading=\"lazy\" decoding=\"async\" width=\"981\" height=\"650\" src=\"https:\/\/www.djurskyddet.se\/landskrona\/wp-content\/uploads\/sites\/22\/2022\/09\/Mymlan.jpg\" alt=\"\" class=\"wp-image-8556\" srcset=\"https:\/\/www.djurskyddet.se\/landskrona\/wp-content\/uploads\/sites\/22\/2022\/09\/Mymlan.jpg 981w, https:\/\/www.djurskyddet.se\/landskrona\/wp-content\/uploads\/sites\/22\/2022\/09\/Mymlan-300x199.jpg 300w, https:\/\/www.djurskyddet.se\/landskrona\/wp-content\/uploads\/sites\/22\/2022\/09\/Mymlan-768x509.jpg 768w, https:\/\/www.djurskyddet.se\/landskrona\/wp-content\/uploads\/sites\/22\/2022\/09\/Mymlan-400x265.jpg 400w\" sizes=\"auto, (max-width: 981px) 100vw, 981px\" \/><figcaption>Ig\u00e5r, 29\/10, flyttade Mymlan till sitt nya hem i Landskrona, lycka till Mymlan!<br><br>Det h\u00e4r \u00e4r mamma Mymlan som togs in tillsammans med sina fyra ungar den 9 augusti. De finns i jourhem i Landskrona.<br><br>N\u00e4r Mymlan kom till jourhemmet var hon v\u00e4ldigt uppstressad. Det var tydligt eftersom hon under en l\u00e4ngre tid morrade s\u00e5 fort hon h\u00f6rde nya ljud i trapphuset. D\u00e5 f\u00f6rsvann hon ofta bakom b\u00f6ckerna i bokhyllan. Samtidigt var hon inte s\u00e4rskilt skygg n\u00e4r det g\u00e4llde m\u00e4nsklig kontakt och var framme och st\u00e5ngades och ville bli klappad redan f\u00f6rsta dagen. Det var en lite m\u00e4rklig blandning.<br><br>Nu \u00e4r hon betydligt lugnare, spinner ibland och morrar inte mer. En ganska charmig personlighet har ocks\u00e5 b\u00f6rjat visa sig. Hon \u00e4r liksom cool men p\u00e5 sin vakt p\u00e5 samma g\u00e5ng p\u00e5 n\u00e5got s\u00e4tt. Det har visat sig vara en katt som \u00e4r mycket l\u00e4tt att tycka om.<br>Hon \u00e4r redo f\u00f6r adoption i slutet av september.<\/figcaption><\/figure>\n","protected":false},"excerpt":{"rendered":"","protected":false},"author":27,"featured_media":0,"comment_status":"closed","ping_status":"open","sticky":false,"template":"","format":"standard","meta":{"_acf_changed":false,"footnotes":""},"categories":[18],"tags":[],"class_list":["post-8730","post","type-post","status-publish","format-standard","hentry","category-senaste-nytt"],"acf":[],"_links":{"self":[{"href":"https:\/\/www.djurskyddet.se\/landskrona\/wp-json\/wp\/v2\/posts\/8730","targetHints":{"allow":["GET"]}}],"collection":[{"href":"https:\/\/www.djurskyddet.se\/landskrona\/wp-json\/wp\/v2\/posts"}],"about":[{"href":"https:\/\/www.djurskyddet.se\/landskrona\/wp-json\/wp\/v2\/types\/post"}],"author":[{"embeddable":true,"href":"https:\/\/www.djurskyddet.se\/landskrona\/wp-json\/wp\/v2\/users\/27"}],"replies":[{"embeddable":true,"href":"https:\/\/www.djurskyddet.se\/landskrona\/wp-json\/wp\/v2\/comments?post=8730"}],"version-history":[{"count":1,"href":"https:\/\/www.djurskyddet.se\/landskrona\/wp-json\/wp\/v2\/posts\/8730\/revisions"}],"predecessor-version":[{"id":8731,"href":"https:\/\/www.djurskyddet.se\/landskrona\/wp-json\/wp\/v2\/posts\/8730\/revisions\/8731"}],"wp:attachment":[{"href":"https:\/\/www.djurskyddet.se\/landskrona\/wp-json\/wp\/v2\/media?parent=8730"}],"wp:term":[{"taxonomy":"category","embeddable":true,"href":"https:\/\/www.djurskyddet.se\/landskrona\/wp-json\/wp\/v2\/categories?post=8730"},{"taxonomy":"post_tag","embeddable":true,"href":"https:\/\/www.djurskyddet.se\/landskrona\/wp-json\/wp\/v2\/tags?post=8730"}],"curies":[{"name":"wp","href":"https:\/\/api.w.org\/{rel}","templated":true}]}}