{"id":8753,"date":"2022-11-14T19:48:14","date_gmt":"2022-11-14T19:48:14","guid":{"rendered":"https:\/\/www.djurskyddet.se\/landskrona\/?p=8753"},"modified":"2024-05-18T13:25:55","modified_gmt":"2024-05-18T13:25:55","slug":"stefan","status":"publish","type":"post","link":"https:\/\/www.djurskyddet.se\/landskrona\/senaste-nytt\/stefan\/","title":{"rendered":"Stefan"},"content":{"rendered":"\n<figure class=\"wp-block-image size-medium\"><img loading=\"lazy\" decoding=\"async\" width=\"300\" height=\"264\" src=\"https:\/\/www.djurskyddet.se\/landskrona\/wp-content\/uploads\/sites\/22\/2022\/11\/Stefan-2-1-300x264.jpg\" alt=\"\" class=\"wp-image-10560\" srcset=\"https:\/\/www.djurskyddet.se\/landskrona\/wp-content\/uploads\/sites\/22\/2022\/11\/Stefan-2-1-300x264.jpg 300w, https:\/\/www.djurskyddet.se\/landskrona\/wp-content\/uploads\/sites\/22\/2022\/11\/Stefan-2-1-768x675.jpg 768w, https:\/\/www.djurskyddet.se\/landskrona\/wp-content\/uploads\/sites\/22\/2022\/11\/Stefan-2-1-400x352.jpg 400w, https:\/\/www.djurskyddet.se\/landskrona\/wp-content\/uploads\/sites\/22\/2022\/11\/Stefan-2-1.jpg 1024w\" sizes=\"auto, (max-width: 300px) 100vw, 300px\" \/><\/figure>\n\n\n\n<p class=\"has-background\" style=\"background-color:#def5cf\">H\u00e4rliga Stefan har nu hittat sitt f\u00f6ralltidhem! Lycka till fina killen! ?<\/p>\n\n\n\n<p>Jag heter Stefan och \u00e4r snart 2 \u00e5r gammal. N\u00e4r jag hittades i ett garage var jag b\u00e5de undern\u00e4rd, skygg och hade sv\u00e5rt f\u00f6r att lita p\u00e5 m\u00e4nniskor. Men jag m\u00e4rkte snart att man faktiskt kunde lita p\u00e5 de d\u00e4r m\u00e4nniskorna som jag bor hos nu. N\u00e4r jag f\u00f6rst kom s\u00e5 fick m\u00e4nniskorna som hastigast klappa mig, men inte mer \u00e4n s\u00e5. Men jag kom snart p\u00e5 att man kan ju faktiskt prata med de d\u00e4r m\u00e4nniskorna. Jag har sakta men s\u00e4kert utvecklat mitt spr\u00e5k och de jag bor hos s\u00e4ger att jag \u00e4r riktigt pratsjuk. Ibland g\u00e5r jourhemsmatte p\u00e5 toaletten och st\u00e4nger d\u00f6rren, vilket inte \u00e4r okej f\u00f6r d\u00e5 kan jag inte komma in. D\u00e5 m\u00e5ste man h\u00f6gljutt prata s\u00e5 har man kanske en chans att f\u00e5 komma in. <\/p>\n\n\n\n<p><\/p>\n\n\n\n<p>Jag har m\u00e4rkt att det \u00e4r riktigt mysigt n\u00e4r m\u00e4nniskorna klappar p\u00e5 en. Det \u00e4r faktiskt till och med helt okej att bli klappad n\u00e4r jag ligger och vilar eller sover&#8230;..mysigt! Under mitt \u00e5r i jourhemmet s\u00e5 har jag verkligen gjort stora framsteg, speciellt den sista tiden s\u00e4ger jourhemsmatte. <\/p>\n\n\n\n<p>Jag \u00e4r en riktig spillevink med mycket energi. I huset d\u00e4r jag bor har jag under min uppv\u00e4xt haft flertalet j\u00e4mn\u00e5riga kattkompisar och det \u00e4r riktigt kul att g\u00e5 p\u00e5 uppt\u00e5g och busa med mina kompisar. Men jag gillar inte killarna, jag tycker de \u00e4r h\u00e5rdh\u00e4nta och burdusa. Jag vill helst inte ha med killarna att g\u00f6ra, men tjejer det gillar jag. De \u00e4r mjuka fina varelser som jag g\u00e4rna leker och kelar med. <\/p>\n\n\n\n<p>Jag beh\u00f6ver lite extra omv\u00e5rdnad n\u00e4r det g\u00e4ller den mat jag \u00e4ter. Jag beh\u00f6ver blanda ut min vanliga mat med ett foder som heter Oral Care (m\u00e4ngd ca 25%). <\/p>\n\n\n\n<pre class=\"wp-block-verse\"><\/pre>\n\n\n\n<p><strong>Stefan<\/strong> \u00e4r:<\/p>\n\n\n\n<p>? Kastrerad<\/p>\n\n\n\n<p>? Chipm\u00e4rkt<\/p>\n\n\n\n<p>? Vaccinerad<\/p>\n\n\n\n<p>? Vill g\u00e4rna vara ensamkatt eller bo med en honkatt<\/p>\n\n\n\n<p>? Vill g\u00e4rna bo tillsammans med hund<\/p>\n\n\n\n<p><\/p>\n\n\n\n<pre class=\"wp-block-verse\"><\/pre>\n\n\n\n<p>Adoptionsavgift: 1800:-<\/p>\n\n\n\n<pre class=\"wp-block-verse\"><\/pre>\n\n\n\n<p>\u00c4r&nbsp;<strong>Stefan<\/strong>&nbsp;katten f\u00f6r dig? Skicka in din intresseanm\u00e4lan till oss! \u2b07\ufe0f<\/p>\n","protected":false},"excerpt":{"rendered":"<p>H\u00e4rliga Stefan har nu hittat sitt f\u00f6ralltidhem! Lycka till fina killen! ? Jag heter Stefan och \u00e4r snart 2 \u00e5r gammal. N\u00e4r jag hittades i ett garage var jag b\u00e5de undern\u00e4rd, skygg och hade sv\u00e5rt f\u00f6r att lita p\u00e5 m\u00e4nniskor. Men jag m\u00e4rkte snart att man faktiskt kunde lita p\u00e5 de d\u00e4r m\u00e4nniskorna som jag bor hos nu. N\u00e4r jag f\u00f6rst kom s\u00e5 fick m\u00e4nniskorna som hastigast klappa mig, men&hellip;<\/p>\n<p><a class=\"more-link\" href=\"https:\/\/www.djurskyddet.se\/landskrona\/senaste-nytt\/stefan\/\" title=\"Continue reading &lsquo;Stefan&rsquo;\">L&auml;s mer<span class=\"meta-nav\">&raquo;<\/span><\/a><\/p>\n","protected":false},"author":27,"featured_media":10560,"comment_status":"closed","ping_status":"open","sticky":false,"template":"","format":"standard","meta":{"_acf_changed":false,"footnotes":""},"categories":[18],"tags":[],"class_list":["post-8753","post","type-post","status-publish","format-standard","has-post-thumbnail","hentry","category-senaste-nytt"],"acf":[],"_links":{"self":[{"href":"https:\/\/www.djurskyddet.se\/landskrona\/wp-json\/wp\/v2\/posts\/8753","targetHints":{"allow":["GET"]}}],"collection":[{"href":"https:\/\/www.djurskyddet.se\/landskrona\/wp-json\/wp\/v2\/posts"}],"about":[{"href":"https:\/\/www.djurskyddet.se\/landskrona\/wp-json\/wp\/v2\/types\/post"}],"author":[{"embeddable":true,"href":"https:\/\/www.djurskyddet.se\/landskrona\/wp-json\/wp\/v2\/users\/27"}],"replies":[{"embeddable":true,"href":"https:\/\/www.djurskyddet.se\/landskrona\/wp-json\/wp\/v2\/comments?post=8753"}],"version-history":[{"count":13,"href":"https:\/\/www.djurskyddet.se\/landskrona\/wp-json\/wp\/v2\/posts\/8753\/revisions"}],"predecessor-version":[{"id":10795,"href":"https:\/\/www.djurskyddet.se\/landskrona\/wp-json\/wp\/v2\/posts\/8753\/revisions\/10795"}],"wp:featuredmedia":[{"embeddable":true,"href":"https:\/\/www.djurskyddet.se\/landskrona\/wp-json\/wp\/v2\/media\/10560"}],"wp:attachment":[{"href":"https:\/\/www.djurskyddet.se\/landskrona\/wp-json\/wp\/v2\/media?parent=8753"}],"wp:term":[{"taxonomy":"category","embeddable":true,"href":"https:\/\/www.djurskyddet.se\/landskrona\/wp-json\/wp\/v2\/categories?post=8753"},{"taxonomy":"post_tag","embeddable":true,"href":"https:\/\/www.djurskyddet.se\/landskrona\/wp-json\/wp\/v2\/tags?post=8753"}],"curies":[{"name":"wp","href":"https:\/\/api.w.org\/{rel}","templated":true}]}}