{"id":8920,"date":"2023-01-14T18:08:53","date_gmt":"2023-01-14T18:08:53","guid":{"rendered":"https:\/\/www.djurskyddet.se\/landskrona\/?p=8920"},"modified":"2023-01-17T18:10:55","modified_gmt":"2023-01-17T18:10:55","slug":"justina-2","status":"publish","type":"post","link":"https:\/\/www.djurskyddet.se\/landskrona\/senaste-nytt\/justina-2\/","title":{"rendered":"Justina"},"content":{"rendered":"\n<figure class=\"wp-block-image size-full\"><img loading=\"lazy\" decoding=\"async\" width=\"1024\" height=\"883\" src=\"https:\/\/www.djurskyddet.se\/landskrona\/wp-content\/uploads\/sites\/22\/2022\/10\/Justina.jpg\" alt=\"\" class=\"wp-image-8708\" srcset=\"https:\/\/www.djurskyddet.se\/landskrona\/wp-content\/uploads\/sites\/22\/2022\/10\/Justina.jpg 1024w, https:\/\/www.djurskyddet.se\/landskrona\/wp-content\/uploads\/sites\/22\/2022\/10\/Justina-300x259.jpg 300w, https:\/\/www.djurskyddet.se\/landskrona\/wp-content\/uploads\/sites\/22\/2022\/10\/Justina-768x662.jpg 768w, https:\/\/www.djurskyddet.se\/landskrona\/wp-content\/uploads\/sites\/22\/2022\/10\/Justina-400x345.jpg 400w\" sizes=\"auto, (max-width: 1024px) 100vw, 1024px\" \/><figcaption class=\"wp-element-caption\">Idag,14\/1, flyttade Justina med sin syster Jessie till sitt nya hem i Landskrona.\u00a0Vi \u00f6nskar flickorna lycka till!<br><br>Justina och Jessie \u00e4r v\u00e4ldigt tighta och beh\u00f6ver flytta till ett gemensamt hem.<br><br>Justina, f\u00f6dd i maj 2022, tog vi in fr\u00e5n \u00d6sterlen den 19 september tillsammans med hennes syster Jessie. De finns i jourhem i Landskrona.<br>Justina hittades under en terrass till ett hus. Husets \u00e4gare h\u00f6rde Justinas f\u00f6rtvivlade jamande efter tre dagars regn d\u00e5 hon ville ha hj\u00e4lp. Mamman som \u00e4r v\u00e4ldigt ung klarade inte av att ta hand om henne och hennes syster utan l\u00e4mnade dem d\u00e4r. Ytterligare en unge hittades d\u00f6d. Hus\u00e4garen tog hand om Justina och flaskmatade henne. Senare hittades \u00e4ven Justinas syster Jessie . Systrarna har tagit v\u00e4l hand om varandra sedan dess.<br>Justinas p\u00e4ls \u00e4r n\u00e4stan helt gr\u00e5 bortsett fr\u00e5n n\u00e5gra vita fl\u00e4ckar. Hon \u00e4r en mycket smart nyfiken modig och k\u00e4rleksfull katt.<\/figcaption><\/figure>\n","protected":false},"excerpt":{"rendered":"","protected":false},"author":27,"featured_media":0,"comment_status":"closed","ping_status":"open","sticky":false,"template":"","format":"standard","meta":{"_acf_changed":false,"footnotes":""},"categories":[18],"tags":[],"class_list":["post-8920","post","type-post","status-publish","format-standard","hentry","category-senaste-nytt"],"acf":[],"_links":{"self":[{"href":"https:\/\/www.djurskyddet.se\/landskrona\/wp-json\/wp\/v2\/posts\/8920","targetHints":{"allow":["GET"]}}],"collection":[{"href":"https:\/\/www.djurskyddet.se\/landskrona\/wp-json\/wp\/v2\/posts"}],"about":[{"href":"https:\/\/www.djurskyddet.se\/landskrona\/wp-json\/wp\/v2\/types\/post"}],"author":[{"embeddable":true,"href":"https:\/\/www.djurskyddet.se\/landskrona\/wp-json\/wp\/v2\/users\/27"}],"replies":[{"embeddable":true,"href":"https:\/\/www.djurskyddet.se\/landskrona\/wp-json\/wp\/v2\/comments?post=8920"}],"version-history":[{"count":1,"href":"https:\/\/www.djurskyddet.se\/landskrona\/wp-json\/wp\/v2\/posts\/8920\/revisions"}],"predecessor-version":[{"id":8921,"href":"https:\/\/www.djurskyddet.se\/landskrona\/wp-json\/wp\/v2\/posts\/8920\/revisions\/8921"}],"wp:attachment":[{"href":"https:\/\/www.djurskyddet.se\/landskrona\/wp-json\/wp\/v2\/media?parent=8920"}],"wp:term":[{"taxonomy":"category","embeddable":true,"href":"https:\/\/www.djurskyddet.se\/landskrona\/wp-json\/wp\/v2\/categories?post=8920"},{"taxonomy":"post_tag","embeddable":true,"href":"https:\/\/www.djurskyddet.se\/landskrona\/wp-json\/wp\/v2\/tags?post=8920"}],"curies":[{"name":"wp","href":"https:\/\/api.w.org\/{rel}","templated":true}]}}