{"id":8948,"date":"2023-01-15T19:05:05","date_gmt":"2023-01-15T19:05:05","guid":{"rendered":"https:\/\/www.djurskyddet.se\/landskrona\/?p=8948"},"modified":"2023-01-26T19:07:17","modified_gmt":"2023-01-26T19:07:17","slug":"loppan-2","status":"publish","type":"post","link":"https:\/\/www.djurskyddet.se\/landskrona\/senaste-nytt\/loppan-2\/","title":{"rendered":"Loppan"},"content":{"rendered":"\n<figure class=\"wp-block-image size-full\"><img loading=\"lazy\" decoding=\"async\" width=\"768\" height=\"1024\" src=\"https:\/\/www.djurskyddet.se\/landskrona\/wp-content\/uploads\/sites\/22\/2022\/09\/Loppan.jpg\" alt=\"\" class=\"wp-image-8579\" srcset=\"https:\/\/www.djurskyddet.se\/landskrona\/wp-content\/uploads\/sites\/22\/2022\/09\/Loppan.jpg 768w, https:\/\/www.djurskyddet.se\/landskrona\/wp-content\/uploads\/sites\/22\/2022\/09\/Loppan-225x300.jpg 225w, https:\/\/www.djurskyddet.se\/landskrona\/wp-content\/uploads\/sites\/22\/2022\/09\/Loppan-400x533.jpg 400w\" sizes=\"auto, (max-width: 768px) 100vw, 768px\" \/><\/figure>\n\n\n\n<p>I s\u00f6ndags,15\/1, flyttade lilla Loppan till sitt nya hem i Malm\u00f6. D\u00e4r f\u00e5r hon s\u00e4llskap av Molgan som adopterats av oss 4\/5 2022. Vi \u00f6nskar dem lycka till!<\/p>\n\n\n\n<p>Loppan finns i jourhem i Landskrona.<\/p>\n\n\n\n<p>Loppan togs in i b\u00f6rjan av \u00e5ret fr\u00e5n en g\u00e5rd. Hon blev ett \u00e5r i b\u00f6rjan p\u00e5 augusti. Loppan har gjort en fantastisk resa fr\u00e5n riktig skyggis. Hon leker g\u00e4rna med andra katter men har en bit kvar innan hon litar p\u00e5 m\u00e4nniskor. Matte i jourhemmet kan komma riktigt n\u00e4ra men f\u00e5r inte r\u00f6ra \u00e4n. En v\u00e4ldigt fin katt som kommer att bli v\u00e4ldigt trevlig n\u00e4r hon v\u00e4l sl\u00e4pper sp\u00e4rren. \u00c4r du t\u00e5lmodig nog att inv\u00e4nta denna skatt?<\/p>\n","protected":false},"excerpt":{"rendered":"<p>I s\u00f6ndags,15\/1, flyttade lilla Loppan till sitt nya hem i Malm\u00f6. D\u00e4r f\u00e5r hon s\u00e4llskap av Molgan som adopterats av oss 4\/5 2022. Vi \u00f6nskar dem lycka till! Loppan finns i jourhem i Landskrona. Loppan togs in i b\u00f6rjan av \u00e5ret fr\u00e5n en g\u00e5rd. Hon blev ett \u00e5r i b\u00f6rjan p\u00e5 augusti. Loppan har gjort en fantastisk resa fr\u00e5n riktig skyggis. Hon leker g\u00e4rna med andra katter men har en&hellip;<\/p>\n<p><a class=\"more-link\" href=\"https:\/\/www.djurskyddet.se\/landskrona\/senaste-nytt\/loppan-2\/\" title=\"Continue reading &lsquo;Loppan&rsquo;\">L&auml;s mer<span class=\"meta-nav\">&raquo;<\/span><\/a><\/p>\n","protected":false},"author":27,"featured_media":0,"comment_status":"closed","ping_status":"open","sticky":false,"template":"","format":"standard","meta":{"_acf_changed":false,"footnotes":""},"categories":[18],"tags":[],"class_list":["post-8948","post","type-post","status-publish","format-standard","hentry","category-senaste-nytt"],"acf":[],"_links":{"self":[{"href":"https:\/\/www.djurskyddet.se\/landskrona\/wp-json\/wp\/v2\/posts\/8948","targetHints":{"allow":["GET"]}}],"collection":[{"href":"https:\/\/www.djurskyddet.se\/landskrona\/wp-json\/wp\/v2\/posts"}],"about":[{"href":"https:\/\/www.djurskyddet.se\/landskrona\/wp-json\/wp\/v2\/types\/post"}],"author":[{"embeddable":true,"href":"https:\/\/www.djurskyddet.se\/landskrona\/wp-json\/wp\/v2\/users\/27"}],"replies":[{"embeddable":true,"href":"https:\/\/www.djurskyddet.se\/landskrona\/wp-json\/wp\/v2\/comments?post=8948"}],"version-history":[{"count":2,"href":"https:\/\/www.djurskyddet.se\/landskrona\/wp-json\/wp\/v2\/posts\/8948\/revisions"}],"predecessor-version":[{"id":8951,"href":"https:\/\/www.djurskyddet.se\/landskrona\/wp-json\/wp\/v2\/posts\/8948\/revisions\/8951"}],"wp:attachment":[{"href":"https:\/\/www.djurskyddet.se\/landskrona\/wp-json\/wp\/v2\/media?parent=8948"}],"wp:term":[{"taxonomy":"category","embeddable":true,"href":"https:\/\/www.djurskyddet.se\/landskrona\/wp-json\/wp\/v2\/categories?post=8948"},{"taxonomy":"post_tag","embeddable":true,"href":"https:\/\/www.djurskyddet.se\/landskrona\/wp-json\/wp\/v2\/tags?post=8948"}],"curies":[{"name":"wp","href":"https:\/\/api.w.org\/{rel}","templated":true}]}}