{"id":8952,"date":"2023-01-27T19:51:32","date_gmt":"2023-01-27T19:51:32","guid":{"rendered":"https:\/\/www.djurskyddet.se\/landskrona\/?p=8952"},"modified":"2023-09-13T10:26:19","modified_gmt":"2023-09-13T10:26:19","slug":"minou","status":"publish","type":"post","link":"https:\/\/www.djurskyddet.se\/landskrona\/senaste-nytt\/minou\/","title":{"rendered":"Minou"},"content":{"rendered":"\n<figure class=\"wp-block-image size-full\"><img loading=\"lazy\" decoding=\"async\" width=\"768\" height=\"1024\" src=\"https:\/\/www.djurskyddet.se\/landskrona\/wp-content\/uploads\/sites\/22\/2023\/01\/Minou2.jpg\" alt=\"\" class=\"wp-image-9117\" srcset=\"https:\/\/www.djurskyddet.se\/landskrona\/wp-content\/uploads\/sites\/22\/2023\/01\/Minou2.jpg 768w, https:\/\/www.djurskyddet.se\/landskrona\/wp-content\/uploads\/sites\/22\/2023\/01\/Minou2-225x300.jpg 225w, https:\/\/www.djurskyddet.se\/landskrona\/wp-content\/uploads\/sites\/22\/2023\/01\/Minou2-400x533.jpg 400w\" sizes=\"auto, (max-width: 768px) 100vw, 768px\" \/><\/figure>\n\n\n\n<p class=\"has-background\" style=\"background-color:#def5cf\">Fina Minou har f\u00e5tt komma till sitt f\u00f6ralltidhem! Lycka till s\u00f6ta du \u2764\ufe0f<\/p>\n\n\n\n<p>(Jag heter Minou och \u00e4r ca 2-3 \u00e5r gammal. Jag togs om hand av m\u00e4nniskor d\u00e5 jag b\u00e5de var h\u00f6gdr\u00e4ktig och heml\u00f6s. Jag hamnade i ett s\u00e5 kallat jourhem d\u00e4r jag trivs bra. <\/p>\n\n\n\n<p>Efter att jag tagits in s\u00e5 f\u00f6dde jag tre stycken kattungar som jag k\u00e4rleksfullt v\u00e5rdat och tagit hand om. Alla mina ungar har nu flyttat till sina f\u00f6ralltidhem. <\/p>\n\n\n\n<p>Trots min bakgrund som utekatt s\u00e5 k\u00e4nner jag mig lugn, trygg och harmonisk i mitt jourhem d\u00e4r jag bor. Tror faktiskt att jag skulle trivas bra som innekatt men g\u00e4rna med en inn\u00e4tad balkong.<\/p>\n\n\n\n<p>Du som v\u00e4ljer mig kommer f\u00e5 en h\u00e4rlig och mysig kompis!)<\/p>\n\n\n\n<pre class=\"wp-block-verse\"><\/pre>\n\n\n\n<p><strong>Minou \u00e4r:<\/strong><\/p>\n\n\n\n<p>? Kastrerad<\/p>\n\n\n\n<p>? Chipm\u00e4rkt<\/p>\n\n\n\n<p>? Vaccinerad<\/p>\n\n\n\n<pre class=\"wp-block-verse\"><\/pre>\n\n\n\n<p><\/p>\n\n\n\n<p><\/p>\n\n\n\n<p><\/p>\n","protected":false},"excerpt":{"rendered":"<p>Fina Minou har f\u00e5tt komma till sitt f\u00f6ralltidhem! Lycka till s\u00f6ta du \u2764\ufe0f (Jag heter Minou och \u00e4r ca 2-3 \u00e5r gammal. Jag togs om hand av m\u00e4nniskor d\u00e5 jag b\u00e5de var h\u00f6gdr\u00e4ktig och heml\u00f6s. Jag hamnade i ett s\u00e5 kallat jourhem d\u00e4r jag trivs bra. Efter att jag tagits in s\u00e5 f\u00f6dde jag tre stycken kattungar som jag k\u00e4rleksfullt v\u00e5rdat och tagit hand om. Alla mina ungar har nu&hellip;<\/p>\n<p><a class=\"more-link\" href=\"https:\/\/www.djurskyddet.se\/landskrona\/senaste-nytt\/minou\/\" title=\"Continue reading &lsquo;Minou&rsquo;\">L&auml;s mer<span class=\"meta-nav\">&raquo;<\/span><\/a><\/p>\n","protected":false},"author":27,"featured_media":9117,"comment_status":"closed","ping_status":"open","sticky":false,"template":"","format":"standard","meta":{"_acf_changed":false,"footnotes":""},"categories":[18],"tags":[],"class_list":["post-8952","post","type-post","status-publish","format-standard","has-post-thumbnail","hentry","category-senaste-nytt"],"acf":[],"_links":{"self":[{"href":"https:\/\/www.djurskyddet.se\/landskrona\/wp-json\/wp\/v2\/posts\/8952","targetHints":{"allow":["GET"]}}],"collection":[{"href":"https:\/\/www.djurskyddet.se\/landskrona\/wp-json\/wp\/v2\/posts"}],"about":[{"href":"https:\/\/www.djurskyddet.se\/landskrona\/wp-json\/wp\/v2\/types\/post"}],"author":[{"embeddable":true,"href":"https:\/\/www.djurskyddet.se\/landskrona\/wp-json\/wp\/v2\/users\/27"}],"replies":[{"embeddable":true,"href":"https:\/\/www.djurskyddet.se\/landskrona\/wp-json\/wp\/v2\/comments?post=8952"}],"version-history":[{"count":7,"href":"https:\/\/www.djurskyddet.se\/landskrona\/wp-json\/wp\/v2\/posts\/8952\/revisions"}],"predecessor-version":[{"id":9595,"href":"https:\/\/www.djurskyddet.se\/landskrona\/wp-json\/wp\/v2\/posts\/8952\/revisions\/9595"}],"wp:featuredmedia":[{"embeddable":true,"href":"https:\/\/www.djurskyddet.se\/landskrona\/wp-json\/wp\/v2\/media\/9117"}],"wp:attachment":[{"href":"https:\/\/www.djurskyddet.se\/landskrona\/wp-json\/wp\/v2\/media?parent=8952"}],"wp:term":[{"taxonomy":"category","embeddable":true,"href":"https:\/\/www.djurskyddet.se\/landskrona\/wp-json\/wp\/v2\/categories?post=8952"},{"taxonomy":"post_tag","embeddable":true,"href":"https:\/\/www.djurskyddet.se\/landskrona\/wp-json\/wp\/v2\/tags?post=8952"}],"curies":[{"name":"wp","href":"https:\/\/api.w.org\/{rel}","templated":true}]}}