{"id":8990,"date":"2023-02-11T17:32:05","date_gmt":"2023-02-11T17:32:05","guid":{"rendered":"https:\/\/www.djurskyddet.se\/landskrona\/?p=8990"},"modified":"2023-09-13T10:24:43","modified_gmt":"2023-09-13T10:24:43","slug":"amaro-2","status":"publish","type":"post","link":"https:\/\/www.djurskyddet.se\/landskrona\/senaste-nytt\/amaro-2\/","title":{"rendered":"Amaro"},"content":{"rendered":"\n<figure class=\"wp-block-image size-medium\"><img loading=\"lazy\" decoding=\"async\" width=\"300\" height=\"205\" src=\"https:\/\/www.djurskyddet.se\/landskrona\/wp-content\/uploads\/sites\/22\/2023\/02\/Amaro-300x205.jpg\" alt=\"\" class=\"wp-image-9254\" srcset=\"https:\/\/www.djurskyddet.se\/landskrona\/wp-content\/uploads\/sites\/22\/2023\/02\/Amaro-300x205.jpg 300w, https:\/\/www.djurskyddet.se\/landskrona\/wp-content\/uploads\/sites\/22\/2023\/02\/Amaro-400x273.jpg 400w, https:\/\/www.djurskyddet.se\/landskrona\/wp-content\/uploads\/sites\/22\/2023\/02\/Amaro.jpg 685w\" sizes=\"auto, (max-width: 300px) 100vw, 300px\" \/><\/figure>\n\n\n\n<p class=\"has-background\" style=\"background-color:#def5cf\">S\u00f6ta Amaro har nu kommit till sitt f\u00f6ralltidhem! Vi \u00f6nskar honom all lycka i framtiden ?<\/p>\n\n\n\n<p>(Jag heter Amaro och \u00e4r snart ett \u00e5r gammal. Jag \u00e4r en busig och lekfull katt som \u00e4r pigg p\u00e5 livet. De d\u00e4r m\u00e4nniskorna som jag bor hos s\u00e4ger att jag har en \u201dEmil i L\u00f6nneberga\u201d personlighet.<\/p>\n\n\n\n<p>Min mamma f\u00f6dde mig ute och jag har alltid beh\u00f6vt vara lite skygg f\u00f6r att vara p\u00e5 den s\u00e4kra sidan. Men n\u00e4r jag fick komma hem till familjen som jag bor hos nu s\u00e5 har jag f\u00e5tt l\u00e4ra mig att man visst kan lita p\u00e5 de d\u00e4r m\u00e4nniskorna. Ibland kommer det andra personer och h\u00e4lsar p\u00e5 i huset, men det tycker jag k\u00e4nns helt okej. Jag har nu skapat full tillit till m\u00e4nniskorna jag bor hos och vet ni vad det b\u00e4sta \u00e4r? Det \u00e4r att f\u00e5 krypa upp och l\u00e4gga sig p\u00e5 m\u00e4nniskorna som d\u00e5 kliar och gosar med mig. Allts\u00e5 jag kan inte sluta spinna. Det kan h\u00e4nda att jag k\u00e4rleksnafsar lite i m\u00e4nniskorna n\u00e4r jag vill bli mer kliad.<\/p>\n\n\n\n<p>Jag \u00e4lskar att ligga i mitt kl\u00e4ttertr\u00e4d. D\u00e4r kan jag l\u00e4gga mig n\u00e4r jag vill koppla av eller vara ifred en stund. Jag tycker det \u00e4r kul att sj\u00e4lv busa och leka med mina leksaker, men n\u00e4r de d\u00e4r m\u00e4nniskorna tar fram leksp\u00f6et blir jag helt till mig. Mina sm\u00e5 m\u00f6ss vill jag g\u00e4rna b\u00e4ra runt p\u00e5\u2026..de \u00e4r ju trots allt mina.<\/p>\n\n\n\n<p>Jag har tidigare bott med andra katter och det gick bra. Men jag tycker \u00e4nd\u00e5 att det \u00e4r mysigast att f\u00e5 vara sj\u00e4lv tillsammans med bara en eller tv\u00e5 m\u00e4nniskor, d\u00e5 k\u00e4nner jag mig mest tillfreds.)<\/p>\n\n\n\n<pre class=\"wp-block-verse\"><\/pre>\n\n\n\n<p><strong>Amaro<\/strong> <strong>\u00e4r:<\/strong><\/p>\n\n\n\n<p>? Kastrerad<\/p>\n\n\n\n<p>? Chipm\u00e4rkt<\/p>\n\n\n\n<p>? Vaccinerad <\/p>\n\n\n\n<p><\/p>\n\n\n\n<p><\/p>\n\n\n\n<p><\/p>\n","protected":false},"excerpt":{"rendered":"<p>S\u00f6ta Amaro har nu kommit till sitt f\u00f6ralltidhem! Vi \u00f6nskar honom all lycka i framtiden ? (Jag heter Amaro och \u00e4r snart ett \u00e5r gammal. Jag \u00e4r en busig och lekfull katt som \u00e4r pigg p\u00e5 livet. De d\u00e4r m\u00e4nniskorna som jag bor hos s\u00e4ger att jag har en \u201dEmil i L\u00f6nneberga\u201d personlighet. Min mamma f\u00f6dde mig ute och jag har alltid beh\u00f6vt vara lite skygg f\u00f6r att vara p\u00e5&hellip;<\/p>\n<p><a class=\"more-link\" href=\"https:\/\/www.djurskyddet.se\/landskrona\/senaste-nytt\/amaro-2\/\" title=\"Continue reading &lsquo;Amaro&rsquo;\">L&auml;s mer<span class=\"meta-nav\">&raquo;<\/span><\/a><\/p>\n","protected":false},"author":27,"featured_media":9254,"comment_status":"closed","ping_status":"open","sticky":true,"template":"","format":"standard","meta":{"_acf_changed":false,"footnotes":""},"categories":[18],"tags":[],"class_list":["post-8990","post","type-post","status-publish","format-standard","has-post-thumbnail","hentry","category-senaste-nytt"],"acf":[],"_links":{"self":[{"href":"https:\/\/www.djurskyddet.se\/landskrona\/wp-json\/wp\/v2\/posts\/8990","targetHints":{"allow":["GET"]}}],"collection":[{"href":"https:\/\/www.djurskyddet.se\/landskrona\/wp-json\/wp\/v2\/posts"}],"about":[{"href":"https:\/\/www.djurskyddet.se\/landskrona\/wp-json\/wp\/v2\/types\/post"}],"author":[{"embeddable":true,"href":"https:\/\/www.djurskyddet.se\/landskrona\/wp-json\/wp\/v2\/users\/27"}],"replies":[{"embeddable":true,"href":"https:\/\/www.djurskyddet.se\/landskrona\/wp-json\/wp\/v2\/comments?post=8990"}],"version-history":[{"count":22,"href":"https:\/\/www.djurskyddet.se\/landskrona\/wp-json\/wp\/v2\/posts\/8990\/revisions"}],"predecessor-version":[{"id":9592,"href":"https:\/\/www.djurskyddet.se\/landskrona\/wp-json\/wp\/v2\/posts\/8990\/revisions\/9592"}],"wp:featuredmedia":[{"embeddable":true,"href":"https:\/\/www.djurskyddet.se\/landskrona\/wp-json\/wp\/v2\/media\/9254"}],"wp:attachment":[{"href":"https:\/\/www.djurskyddet.se\/landskrona\/wp-json\/wp\/v2\/media?parent=8990"}],"wp:term":[{"taxonomy":"category","embeddable":true,"href":"https:\/\/www.djurskyddet.se\/landskrona\/wp-json\/wp\/v2\/categories?post=8990"},{"taxonomy":"post_tag","embeddable":true,"href":"https:\/\/www.djurskyddet.se\/landskrona\/wp-json\/wp\/v2\/tags?post=8990"}],"curies":[{"name":"wp","href":"https:\/\/api.w.org\/{rel}","templated":true}]}}