{"id":9003,"date":"2023-02-05T17:42:53","date_gmt":"2023-02-05T17:42:53","guid":{"rendered":"https:\/\/www.djurskyddet.se\/landskrona\/?p=9003"},"modified":"2023-02-11T17:44:04","modified_gmt":"2023-02-11T17:44:04","slug":"marocko","status":"publish","type":"post","link":"https:\/\/www.djurskyddet.se\/landskrona\/senaste-nytt\/marocko\/","title":{"rendered":"Marocko"},"content":{"rendered":"\n<figure class=\"wp-block-image size-full\"><img loading=\"lazy\" decoding=\"async\" width=\"768\" height=\"1024\" src=\"https:\/\/www.djurskyddet.se\/landskrona\/wp-content\/uploads\/sites\/22\/2022\/11\/Marocko2.jpg\" alt=\"\" class=\"wp-image-8904\" srcset=\"https:\/\/www.djurskyddet.se\/landskrona\/wp-content\/uploads\/sites\/22\/2022\/11\/Marocko2.jpg 768w, https:\/\/www.djurskyddet.se\/landskrona\/wp-content\/uploads\/sites\/22\/2022\/11\/Marocko2-225x300.jpg 225w, https:\/\/www.djurskyddet.se\/landskrona\/wp-content\/uploads\/sites\/22\/2022\/11\/Marocko2-400x533.jpg 400w\" sizes=\"auto, (max-width: 768px) 100vw, 768px\" \/><figcaption class=\"wp-element-caption\">I s\u00f6ndags, 5\/2, flyttade Marocko till sitt nya hem i Malm\u00f6. Lycka till fina killen!<br><br>Marocko f\u00e5ngades in 20\/7, tillsammans med sin bror Malta p\u00e5 en g\u00e5rd, de finns i jourhem i Landskrona. De \u00e4r f\u00f6dda i mars 2022.<br><br>Marocko \u00e4r en unik karakt\u00e4r. Vill man ha en katt som \u00e4r mycket social och vill vara med p\u00e5 \u00e4ventyr s\u00e5 \u00e4r Marocko perfekt. Han \u00e4r nyfiken p\u00e5 allt och inte r\u00e4dd i f\u00f6rsta taget. Mycket energisk, \u00e4lskar att leka med bollar, springa runt, hoppa och kl\u00f6sa p\u00e5 kl\u00e4ttertr\u00e4d. Tuggpinnar \u00e4r en favorit f\u00f6r honom d\u00e5 han \u00e4lskar att bita p\u00e5 leksaker. N\u00e4r energin tar slut s\u00e5 \u00e4r han den keligaste katten du kan t\u00e4nka dig. Han kommer snabbt upp i soffan och ska ligga intill en och bli kliad. Han kan man klia \u00f6verallt. D\u00e5 \u00e4r han n\u00f6jd! N\u00e4r han vill ha uppm\u00e4rksamhet s\u00e5 pratar han och l\u00e5ter lite likt en f\u00e5gel.\u00a0<\/figcaption><\/figure>\n","protected":false},"excerpt":{"rendered":"","protected":false},"author":27,"featured_media":0,"comment_status":"closed","ping_status":"open","sticky":false,"template":"","format":"standard","meta":{"_acf_changed":false,"footnotes":""},"categories":[18],"tags":[],"class_list":["post-9003","post","type-post","status-publish","format-standard","hentry","category-senaste-nytt"],"acf":[],"_links":{"self":[{"href":"https:\/\/www.djurskyddet.se\/landskrona\/wp-json\/wp\/v2\/posts\/9003","targetHints":{"allow":["GET"]}}],"collection":[{"href":"https:\/\/www.djurskyddet.se\/landskrona\/wp-json\/wp\/v2\/posts"}],"about":[{"href":"https:\/\/www.djurskyddet.se\/landskrona\/wp-json\/wp\/v2\/types\/post"}],"author":[{"embeddable":true,"href":"https:\/\/www.djurskyddet.se\/landskrona\/wp-json\/wp\/v2\/users\/27"}],"replies":[{"embeddable":true,"href":"https:\/\/www.djurskyddet.se\/landskrona\/wp-json\/wp\/v2\/comments?post=9003"}],"version-history":[{"count":1,"href":"https:\/\/www.djurskyddet.se\/landskrona\/wp-json\/wp\/v2\/posts\/9003\/revisions"}],"predecessor-version":[{"id":9004,"href":"https:\/\/www.djurskyddet.se\/landskrona\/wp-json\/wp\/v2\/posts\/9003\/revisions\/9004"}],"wp:attachment":[{"href":"https:\/\/www.djurskyddet.se\/landskrona\/wp-json\/wp\/v2\/media?parent=9003"}],"wp:term":[{"taxonomy":"category","embeddable":true,"href":"https:\/\/www.djurskyddet.se\/landskrona\/wp-json\/wp\/v2\/categories?post=9003"},{"taxonomy":"post_tag","embeddable":true,"href":"https:\/\/www.djurskyddet.se\/landskrona\/wp-json\/wp\/v2\/tags?post=9003"}],"curies":[{"name":"wp","href":"https:\/\/api.w.org\/{rel}","templated":true}]}}