{"id":9033,"date":"2023-02-20T19:39:33","date_gmt":"2023-02-20T19:39:33","guid":{"rendered":"https:\/\/www.djurskyddet.se\/landskrona\/?p=9033"},"modified":"2023-12-28T15:30:54","modified_gmt":"2023-12-28T15:30:54","slug":"tosen","status":"publish","type":"post","link":"https:\/\/www.djurskyddet.se\/landskrona\/senaste-nytt\/tosen\/","title":{"rendered":"T\u00f6sen"},"content":{"rendered":"\n<figure class=\"wp-block-image size-medium\"><img loading=\"lazy\" decoding=\"async\" width=\"300\" height=\"300\" src=\"https:\/\/www.djurskyddet.se\/landskrona\/wp-content\/uploads\/sites\/22\/2023\/02\/image1-300x300.jpeg\" alt=\"\" class=\"wp-image-9648\" srcset=\"https:\/\/www.djurskyddet.se\/landskrona\/wp-content\/uploads\/sites\/22\/2023\/02\/image1-300x300.jpeg 300w, https:\/\/www.djurskyddet.se\/landskrona\/wp-content\/uploads\/sites\/22\/2023\/02\/image1-150x150.jpeg 150w, https:\/\/www.djurskyddet.se\/landskrona\/wp-content\/uploads\/sites\/22\/2023\/02\/image1-768x768.jpeg 768w, https:\/\/www.djurskyddet.se\/landskrona\/wp-content\/uploads\/sites\/22\/2023\/02\/image1-400x400.jpeg 400w, https:\/\/www.djurskyddet.se\/landskrona\/wp-content\/uploads\/sites\/22\/2023\/02\/image1.jpeg 1024w\" sizes=\"auto, (max-width: 300px) 100vw, 300px\" \/><\/figure>\n\n\n\n<p class=\"has-background\" style=\"background-color:#def5cf\">Mysiga T\u00f6sen har f\u00e5tt komma till sitt f\u00f6ralltidhem! ?<\/p>\n\n\n\n<p>Jag heter T\u00f6sen och blir 14 \u00e5r i \u00e5r. Jag v\u00e4xte upp som stallkatt s\u00e5 jag \u00e4lskar att vara utomhus och ligga och sola mig i gr\u00e4set. Att ha friheten att kunna g\u00e5 som jag vill och ha tillg\u00e5ng till utomhusv\u00e4rlden \u00e4r v\u00e4ldigt viktigt f\u00f6r mig. Det absolut b\u00e4sta med att vara utomhus \u00e4r att rulla runt p\u00e5 marken och spinna, men det h\u00e4nder att jag tar ett och annat byte d\u00e5 jag \u00e4r en fena p\u00e5 att jaga. De mysigaste stunderna \u00e4r n\u00e4r min familj vill vara utomhus med mig och vi kan h\u00e5lla varandra s\u00e4llskap. I jourhemmet d\u00e4r jag bor h\u00e5ller jag g\u00e4rna grannarna s\u00e4llskap de g\u00e5nger de \u00e4ter sin middag utomhus.<\/p>\n\n\n\n<p>Vissa kanske skulle beskriva mig som envis, sj\u00e4lv tycker jag att jag \u00e4r tydlig med vad jag vill. Jag \u00e4r tydlig med om jag ska bli klappad eller inte, n\u00e4r jag ska ha mat och n\u00e4r jag ska f\u00e5 g\u00e5 ut. Men f\u00e5r jag inte som jag vill accepterar jag det och g\u00e5r och l\u00e4gger mig i s\u00e4gen f\u00f6r att sova ist\u00e4llet. Jag \u00e4r bra p\u00e5 att ta hand om mig sj\u00e4lv eftersom jag \u00e4r en sj\u00e4lvst\u00e4ndig katt. Men att vara ensam f\u00f6r mycket blir ganska tr\u00e5kigt, s\u00e5 jag st\u00e5r alltid redo vid d\u00f6rren f\u00f6r att v\u00e4lkomna min tillf\u00e4lliga matte n\u00e4r hon kommer hem fr\u00e5n jobbet. P\u00e5 n\u00e4tterna sover jag alltid hos henne i s\u00e4ngen &#8211; det \u00e4r ju s\u00e5 mysigt att sova bredvid n\u00e5gon!<\/p>\n\n\n\n<p>N\u00e5got livet l\u00e4rt mig \u00e4r att undvika slagsm\u00e5l, s\u00e5 jag tycker inte om att sl\u00e5ss. Andra katter upplever jag ofta som ganska st\u00f6riga s\u00e5 jag f\u00f6rs\u00f6ker undvika dem s\u00e5 gott det g\u00e5r. Jag trivs b\u00e4st i mitt eget s\u00e4llskap utan att bli st\u00f6rd av andra katter.<\/p>\n\n\n\n<pre class=\"wp-block-verse\"><\/pre>\n\n\n\n<p><strong>T\u00f6sen<\/strong> \u00e4r: <\/p>\n\n\n\n<p>? Kastrerad<\/p>\n\n\n\n<p>? Chipm\u00e4rkt<\/p>\n\n\n\n<p>? Vaccinerad<\/p>\n\n\n\n<p>? Beh\u00f6ver tillg\u00e5ng till utevistelse<\/p>\n\n\n\n<pre class=\"wp-block-verse\"><\/pre>\n\n\n\n<p>Adoptionsavgift: 1800:-<\/p>\n\n\n\n<pre class=\"wp-block-verse\"><\/pre>\n\n\n\n<p>\u00c4r&nbsp;<strong>T\u00f6sen<\/strong>&nbsp;katten f\u00f6r dig? Skicka in din intresseanm\u00e4lan till oss! \u2b07\ufe0f<\/p>\n\n\n\n<pre class=\"wp-block-verse\"><\/pre>\n","protected":false},"excerpt":{"rendered":"<p>Mysiga T\u00f6sen har f\u00e5tt komma till sitt f\u00f6ralltidhem! ? Jag heter T\u00f6sen och blir 14 \u00e5r i \u00e5r. Jag v\u00e4xte upp som stallkatt s\u00e5 jag \u00e4lskar att vara utomhus och ligga och sola mig i gr\u00e4set. Att ha friheten att kunna g\u00e5 som jag vill och ha tillg\u00e5ng till utomhusv\u00e4rlden \u00e4r v\u00e4ldigt viktigt f\u00f6r mig. Det absolut b\u00e4sta med att vara utomhus \u00e4r att rulla runt p\u00e5 marken och spinna,&hellip;<\/p>\n<p><a class=\"more-link\" href=\"https:\/\/www.djurskyddet.se\/landskrona\/senaste-nytt\/tosen\/\" title=\"Continue reading &lsquo;T\u00f6sen&rsquo;\">L&auml;s mer<span class=\"meta-nav\">&raquo;<\/span><\/a><\/p>\n","protected":false},"author":27,"featured_media":9648,"comment_status":"closed","ping_status":"open","sticky":false,"template":"","format":"standard","meta":{"_acf_changed":false,"footnotes":""},"categories":[18],"tags":[],"class_list":["post-9033","post","type-post","status-publish","format-standard","has-post-thumbnail","hentry","category-senaste-nytt"],"acf":[],"_links":{"self":[{"href":"https:\/\/www.djurskyddet.se\/landskrona\/wp-json\/wp\/v2\/posts\/9033","targetHints":{"allow":["GET"]}}],"collection":[{"href":"https:\/\/www.djurskyddet.se\/landskrona\/wp-json\/wp\/v2\/posts"}],"about":[{"href":"https:\/\/www.djurskyddet.se\/landskrona\/wp-json\/wp\/v2\/types\/post"}],"author":[{"embeddable":true,"href":"https:\/\/www.djurskyddet.se\/landskrona\/wp-json\/wp\/v2\/users\/27"}],"replies":[{"embeddable":true,"href":"https:\/\/www.djurskyddet.se\/landskrona\/wp-json\/wp\/v2\/comments?post=9033"}],"version-history":[{"count":7,"href":"https:\/\/www.djurskyddet.se\/landskrona\/wp-json\/wp\/v2\/posts\/9033\/revisions"}],"predecessor-version":[{"id":10088,"href":"https:\/\/www.djurskyddet.se\/landskrona\/wp-json\/wp\/v2\/posts\/9033\/revisions\/10088"}],"wp:featuredmedia":[{"embeddable":true,"href":"https:\/\/www.djurskyddet.se\/landskrona\/wp-json\/wp\/v2\/media\/9648"}],"wp:attachment":[{"href":"https:\/\/www.djurskyddet.se\/landskrona\/wp-json\/wp\/v2\/media?parent=9033"}],"wp:term":[{"taxonomy":"category","embeddable":true,"href":"https:\/\/www.djurskyddet.se\/landskrona\/wp-json\/wp\/v2\/categories?post=9033"},{"taxonomy":"post_tag","embeddable":true,"href":"https:\/\/www.djurskyddet.se\/landskrona\/wp-json\/wp\/v2\/tags?post=9033"}],"curies":[{"name":"wp","href":"https:\/\/api.w.org\/{rel}","templated":true}]}}