{"id":9061,"date":"2023-03-01T15:52:05","date_gmt":"2023-03-01T15:52:05","guid":{"rendered":"https:\/\/www.djurskyddet.se\/landskrona\/?p=9061"},"modified":"2023-03-06T15:53:20","modified_gmt":"2023-03-06T15:53:20","slug":"vera","status":"publish","type":"post","link":"https:\/\/www.djurskyddet.se\/landskrona\/senaste-nytt\/vera\/","title":{"rendered":"Vera"},"content":{"rendered":"\n<figure class=\"wp-block-image size-full\"><img loading=\"lazy\" decoding=\"async\" width=\"576\" height=\"1024\" src=\"https:\/\/www.djurskyddet.se\/landskrona\/wp-content\/uploads\/sites\/22\/2023\/03\/Vera.jpg\" alt=\"\" class=\"wp-image-9062\" srcset=\"https:\/\/www.djurskyddet.se\/landskrona\/wp-content\/uploads\/sites\/22\/2023\/03\/Vera.jpg 576w, https:\/\/www.djurskyddet.se\/landskrona\/wp-content\/uploads\/sites\/22\/2023\/03\/Vera-169x300.jpg 169w, https:\/\/www.djurskyddet.se\/landskrona\/wp-content\/uploads\/sites\/22\/2023\/03\/Vera-400x711.jpg 400w\" sizes=\"auto, (max-width: 576px) 100vw, 576px\" \/><figcaption class=\"wp-element-caption\">Ig\u00e5r, 1\/3, flyttade fina Vera till sitt nya hem i Esl\u00f6v. Lycka till fina gumman!<br><br>27 december 2022 tog vi in lilla Vera som hittades \u00f6vergiven p\u00e5 Bryggargatan i Landskrona.<br><br>Jag heter Vera och \u00e4r en hona som \u00e4r ca 7 m\u00e5nader gammal. Jag har gula \u00f6gon och gr\u00e5brun och vit p\u00e4ls. Jag \u00e4r mycket social och nyfiken. N\u00e4r du kallar p\u00e5 mig kommer jag (om jag vill). Jag tycker om att leka, speciellt med bollar! N\u00e4r jag rullar runt betyder det att jag vill kela, klappar p\u00e5 magen \u00e4r uppskattat. Godis och nyb\u00e4ddade s\u00e4ngar \u00e4r det b\u00e4sta jag vet!<\/figcaption><\/figure>\n","protected":false},"excerpt":{"rendered":"","protected":false},"author":27,"featured_media":0,"comment_status":"closed","ping_status":"open","sticky":false,"template":"","format":"standard","meta":{"_acf_changed":false,"footnotes":""},"categories":[18],"tags":[],"class_list":["post-9061","post","type-post","status-publish","format-standard","hentry","category-senaste-nytt"],"acf":[],"_links":{"self":[{"href":"https:\/\/www.djurskyddet.se\/landskrona\/wp-json\/wp\/v2\/posts\/9061","targetHints":{"allow":["GET"]}}],"collection":[{"href":"https:\/\/www.djurskyddet.se\/landskrona\/wp-json\/wp\/v2\/posts"}],"about":[{"href":"https:\/\/www.djurskyddet.se\/landskrona\/wp-json\/wp\/v2\/types\/post"}],"author":[{"embeddable":true,"href":"https:\/\/www.djurskyddet.se\/landskrona\/wp-json\/wp\/v2\/users\/27"}],"replies":[{"embeddable":true,"href":"https:\/\/www.djurskyddet.se\/landskrona\/wp-json\/wp\/v2\/comments?post=9061"}],"version-history":[{"count":1,"href":"https:\/\/www.djurskyddet.se\/landskrona\/wp-json\/wp\/v2\/posts\/9061\/revisions"}],"predecessor-version":[{"id":9063,"href":"https:\/\/www.djurskyddet.se\/landskrona\/wp-json\/wp\/v2\/posts\/9061\/revisions\/9063"}],"wp:attachment":[{"href":"https:\/\/www.djurskyddet.se\/landskrona\/wp-json\/wp\/v2\/media?parent=9061"}],"wp:term":[{"taxonomy":"category","embeddable":true,"href":"https:\/\/www.djurskyddet.se\/landskrona\/wp-json\/wp\/v2\/categories?post=9061"},{"taxonomy":"post_tag","embeddable":true,"href":"https:\/\/www.djurskyddet.se\/landskrona\/wp-json\/wp\/v2\/tags?post=9061"}],"curies":[{"name":"wp","href":"https:\/\/api.w.org\/{rel}","templated":true}]}}