{"id":9085,"date":"2023-03-21T19:25:09","date_gmt":"2023-03-21T19:25:09","guid":{"rendered":"https:\/\/www.djurskyddet.se\/landskrona\/?p=9085"},"modified":"2023-09-13T10:24:18","modified_gmt":"2023-09-13T10:24:18","slug":"linus","status":"publish","type":"post","link":"https:\/\/www.djurskyddet.se\/landskrona\/senaste-nytt\/linus\/","title":{"rendered":"Linus"},"content":{"rendered":"\n<figure class=\"wp-block-image size-medium\"><img loading=\"lazy\" decoding=\"async\" width=\"300\" height=\"300\" src=\"https:\/\/www.djurskyddet.se\/landskrona\/wp-content\/uploads\/sites\/22\/2023\/03\/Linus-2-300x300.jpeg\" alt=\"\" class=\"wp-image-9323\" srcset=\"https:\/\/www.djurskyddet.se\/landskrona\/wp-content\/uploads\/sites\/22\/2023\/03\/Linus-2-300x300.jpeg 300w, https:\/\/www.djurskyddet.se\/landskrona\/wp-content\/uploads\/sites\/22\/2023\/03\/Linus-2-150x150.jpeg 150w, https:\/\/www.djurskyddet.se\/landskrona\/wp-content\/uploads\/sites\/22\/2023\/03\/Linus-2-768x768.jpeg 768w, https:\/\/www.djurskyddet.se\/landskrona\/wp-content\/uploads\/sites\/22\/2023\/03\/Linus-2-400x400.jpeg 400w, https:\/\/www.djurskyddet.se\/landskrona\/wp-content\/uploads\/sites\/22\/2023\/03\/Linus-2.jpeg 1024w\" sizes=\"auto, (max-width: 300px) 100vw, 300px\" \/><\/figure>\n\n\n\n<p class=\"has-background\" style=\"background-color:#def5cf\">Fina Linus har hittat sitt f\u00f6ralltidhem! Lycka till killen ?<\/p>\n\n\n\n<p>(Mitt namn \u00e4r Linus och jag \u00e4r ca 1 \u00e5r gammal. Jag kommer fr\u00e5n en kattkoloni men \u00e4r nu hos en familj tillsammans med min syster Findusa. I huset d\u00e4r jag bor finns det \u00e4ven andra katter, f\u00f6rutom min syster, och en stor hund. Jag busar med allt och alla.<\/p>\n\n\n\n<p>Jag \u00e4r ett riktigt busfr\u00f6 och \u00e4lskar att leka med saker jag hittar. De d\u00e4r sm\u00e5 lekm\u00f6ssen \u00e4r superkul att kasta upp i luften och sen f\u00e5nga. Men n\u00e4r jag tr\u00f6ttnar p\u00e5 att leka s\u00e5 hoppar jag upp p\u00e5 mitt kl\u00f6str\u00e4d och l\u00e4gger mig f\u00f6r att mysa eller sova.<\/p>\n\n\n\n<p>Familjen jag bor hos s\u00e4ger att jag \u00e4r en v\u00e4ldigt social kille. Jag m\u00e5ste s\u00e4ga att det \u00e4r v\u00e4ldigt mysigt att vara n\u00e4ra de d\u00e4r m\u00e4nniskorna som klappar, kliar och myser med en. S\u00e5 jag ligger alltid n\u00e4ra dem\u2026&#8230;..f\u00f6r d\u00e5 \u00e4r chansen stor att de myser med en. Familjen \u00e4r sn\u00e4ll och l\u00e5ter mig dricka fr\u00e5n kranen i k\u00f6ket f\u00f6r det \u00e4lskar jag och det vet de om.)<\/p>\n\n\n\n<pre class=\"wp-block-verse\"><\/pre>\n\n\n\n<p><strong>Linus<\/strong> \u00e4r:<\/p>\n\n\n\n<p>? Kastrerad<\/p>\n\n\n\n<p>? Chipm\u00e4rkt<\/p>\n\n\n\n<p>? Vaccinerad<\/p>\n\n\n\n<p>? Beh\u00f6ver en kattkompis<\/p>\n\n\n\n<p><\/p>\n","protected":false},"excerpt":{"rendered":"<p>Fina Linus har hittat sitt f\u00f6ralltidhem! Lycka till killen ? (Mitt namn \u00e4r Linus och jag \u00e4r ca 1 \u00e5r gammal. Jag kommer fr\u00e5n en kattkoloni men \u00e4r nu hos en familj tillsammans med min syster Findusa. I huset d\u00e4r jag bor finns det \u00e4ven andra katter, f\u00f6rutom min syster, och en stor hund. Jag busar med allt och alla. Jag \u00e4r ett riktigt busfr\u00f6 och \u00e4lskar att leka med&hellip;<\/p>\n<p><a class=\"more-link\" href=\"https:\/\/www.djurskyddet.se\/landskrona\/senaste-nytt\/linus\/\" title=\"Continue reading &lsquo;Linus&rsquo;\">L&auml;s mer<span class=\"meta-nav\">&raquo;<\/span><\/a><\/p>\n","protected":false},"author":27,"featured_media":9323,"comment_status":"closed","ping_status":"open","sticky":false,"template":"","format":"standard","meta":{"_acf_changed":false,"footnotes":""},"categories":[18],"tags":[],"class_list":["post-9085","post","type-post","status-publish","format-standard","has-post-thumbnail","hentry","category-senaste-nytt"],"acf":[],"_links":{"self":[{"href":"https:\/\/www.djurskyddet.se\/landskrona\/wp-json\/wp\/v2\/posts\/9085","targetHints":{"allow":["GET"]}}],"collection":[{"href":"https:\/\/www.djurskyddet.se\/landskrona\/wp-json\/wp\/v2\/posts"}],"about":[{"href":"https:\/\/www.djurskyddet.se\/landskrona\/wp-json\/wp\/v2\/types\/post"}],"author":[{"embeddable":true,"href":"https:\/\/www.djurskyddet.se\/landskrona\/wp-json\/wp\/v2\/users\/27"}],"replies":[{"embeddable":true,"href":"https:\/\/www.djurskyddet.se\/landskrona\/wp-json\/wp\/v2\/comments?post=9085"}],"version-history":[{"count":8,"href":"https:\/\/www.djurskyddet.se\/landskrona\/wp-json\/wp\/v2\/posts\/9085\/revisions"}],"predecessor-version":[{"id":9591,"href":"https:\/\/www.djurskyddet.se\/landskrona\/wp-json\/wp\/v2\/posts\/9085\/revisions\/9591"}],"wp:featuredmedia":[{"embeddable":true,"href":"https:\/\/www.djurskyddet.se\/landskrona\/wp-json\/wp\/v2\/media\/9323"}],"wp:attachment":[{"href":"https:\/\/www.djurskyddet.se\/landskrona\/wp-json\/wp\/v2\/media?parent=9085"}],"wp:term":[{"taxonomy":"category","embeddable":true,"href":"https:\/\/www.djurskyddet.se\/landskrona\/wp-json\/wp\/v2\/categories?post=9085"},{"taxonomy":"post_tag","embeddable":true,"href":"https:\/\/www.djurskyddet.se\/landskrona\/wp-json\/wp\/v2\/tags?post=9085"}],"curies":[{"name":"wp","href":"https:\/\/api.w.org\/{rel}","templated":true}]}}