{"id":9142,"date":"2023-04-01T15:24:00","date_gmt":"2023-04-01T15:24:00","guid":{"rendered":"https:\/\/www.djurskyddet.se\/landskrona\/?p=9142"},"modified":"2023-05-05T15:26:03","modified_gmt":"2023-05-05T15:26:03","slug":"viggo-3","status":"publish","type":"post","link":"https:\/\/www.djurskyddet.se\/landskrona\/senaste-nytt\/viggo-3\/","title":{"rendered":"Viggo"},"content":{"rendered":"\n<figure class=\"wp-block-image size-full\"><img loading=\"lazy\" decoding=\"async\" width=\"768\" height=\"1024\" src=\"https:\/\/www.djurskyddet.se\/landskrona\/wp-content\/uploads\/sites\/22\/2023\/02\/Viggo.jpg\" alt=\"\" class=\"wp-image-9027\" srcset=\"https:\/\/www.djurskyddet.se\/landskrona\/wp-content\/uploads\/sites\/22\/2023\/02\/Viggo.jpg 768w, https:\/\/www.djurskyddet.se\/landskrona\/wp-content\/uploads\/sites\/22\/2023\/02\/Viggo-225x300.jpg 225w, https:\/\/www.djurskyddet.se\/landskrona\/wp-content\/uploads\/sites\/22\/2023\/02\/Viggo-400x533.jpg 400w\" sizes=\"auto, (max-width: 768px) 100vw, 768px\" \/><\/figure>\n\n\n\n<p>Viggo har blivit adopterad, 1\/4 flyttade han till sitt nya hem i \u00c4lmhult. Lycka till fina killen!<\/p>\n\n\n\n<p>Viggo fanns i jourhem i Landskrona, han \u00e4r f\u00f6dd i november 2021.<br>Viggo \u00e4r en nyfiken men f\u00f6rsiktig katt som vill vara med och se vad som h\u00e4nder men p\u00e5 sina villkor. Vill g\u00e4rna ha kattkompis. Gillar att leka med sp\u00f6et med tofs i \u00e4ndan och laserpekaren. \u00c4lskar att ligga i s\u00e4ngen helst ensam och h\u00f6gt uppe p\u00e5 kattst\u00e4llningen, f\u00f6r att ha koll p\u00e5 vad som h\u00e4nder. Vill g\u00e4rna ha lite p\u00e5l\u00e4gg p\u00e5 morgonen, fj\u00e4skar v\u00e4ldigt f\u00f6r att f\u00e5 det. \u00c4ter torrfoder och bl\u00f6tmat p\u00e5 l\u00f6rdagar.&nbsp;<\/p>\n","protected":false},"excerpt":{"rendered":"<p>Viggo har blivit adopterad, 1\/4 flyttade han till sitt nya hem i \u00c4lmhult. Lycka till fina killen! Viggo fanns i jourhem i Landskrona, han \u00e4r f\u00f6dd i november 2021.Viggo \u00e4r en nyfiken men f\u00f6rsiktig katt som vill vara med och se vad som h\u00e4nder men p\u00e5 sina villkor. Vill g\u00e4rna ha kattkompis. Gillar att leka med sp\u00f6et med tofs i \u00e4ndan och laserpekaren. \u00c4lskar att ligga i s\u00e4ngen helst ensam&hellip;<\/p>\n<p><a class=\"more-link\" href=\"https:\/\/www.djurskyddet.se\/landskrona\/senaste-nytt\/viggo-3\/\" title=\"Continue reading &lsquo;Viggo&rsquo;\">L&auml;s mer<span class=\"meta-nav\">&raquo;<\/span><\/a><\/p>\n","protected":false},"author":27,"featured_media":0,"comment_status":"closed","ping_status":"open","sticky":false,"template":"","format":"standard","meta":{"_acf_changed":false,"footnotes":""},"categories":[18],"tags":[],"class_list":["post-9142","post","type-post","status-publish","format-standard","hentry","category-senaste-nytt"],"acf":[],"_links":{"self":[{"href":"https:\/\/www.djurskyddet.se\/landskrona\/wp-json\/wp\/v2\/posts\/9142","targetHints":{"allow":["GET"]}}],"collection":[{"href":"https:\/\/www.djurskyddet.se\/landskrona\/wp-json\/wp\/v2\/posts"}],"about":[{"href":"https:\/\/www.djurskyddet.se\/landskrona\/wp-json\/wp\/v2\/types\/post"}],"author":[{"embeddable":true,"href":"https:\/\/www.djurskyddet.se\/landskrona\/wp-json\/wp\/v2\/users\/27"}],"replies":[{"embeddable":true,"href":"https:\/\/www.djurskyddet.se\/landskrona\/wp-json\/wp\/v2\/comments?post=9142"}],"version-history":[{"count":1,"href":"https:\/\/www.djurskyddet.se\/landskrona\/wp-json\/wp\/v2\/posts\/9142\/revisions"}],"predecessor-version":[{"id":9143,"href":"https:\/\/www.djurskyddet.se\/landskrona\/wp-json\/wp\/v2\/posts\/9142\/revisions\/9143"}],"wp:attachment":[{"href":"https:\/\/www.djurskyddet.se\/landskrona\/wp-json\/wp\/v2\/media?parent=9142"}],"wp:term":[{"taxonomy":"category","embeddable":true,"href":"https:\/\/www.djurskyddet.se\/landskrona\/wp-json\/wp\/v2\/categories?post=9142"},{"taxonomy":"post_tag","embeddable":true,"href":"https:\/\/www.djurskyddet.se\/landskrona\/wp-json\/wp\/v2\/tags?post=9142"}],"curies":[{"name":"wp","href":"https:\/\/api.w.org\/{rel}","templated":true}]}}