{"id":9146,"date":"2023-05-01T15:30:24","date_gmt":"2023-05-01T15:30:24","guid":{"rendered":"https:\/\/www.djurskyddet.se\/landskrona\/?p=9146"},"modified":"2023-05-05T15:32:25","modified_gmt":"2023-05-05T15:32:25","slug":"bebe-och-blanka","status":"publish","type":"post","link":"https:\/\/www.djurskyddet.se\/landskrona\/senaste-nytt\/bebe-och-blanka\/","title":{"rendered":"Bebe och Blanka"},"content":{"rendered":"\n<figure class=\"wp-block-image size-full\"><img loading=\"lazy\" decoding=\"async\" width=\"1024\" height=\"768\" src=\"https:\/\/www.djurskyddet.se\/landskrona\/wp-content\/uploads\/sites\/22\/2023\/05\/Bebe-och-Blanka.jpg\" alt=\"\" class=\"wp-image-9147\" srcset=\"https:\/\/www.djurskyddet.se\/landskrona\/wp-content\/uploads\/sites\/22\/2023\/05\/Bebe-och-Blanka.jpg 1024w, https:\/\/www.djurskyddet.se\/landskrona\/wp-content\/uploads\/sites\/22\/2023\/05\/Bebe-och-Blanka-300x225.jpg 300w, https:\/\/www.djurskyddet.se\/landskrona\/wp-content\/uploads\/sites\/22\/2023\/05\/Bebe-och-Blanka-768x576.jpg 768w, https:\/\/www.djurskyddet.se\/landskrona\/wp-content\/uploads\/sites\/22\/2023\/05\/Bebe-och-Blanka-400x300.jpg 400w\" sizes=\"auto, (max-width: 1024px) 100vw, 1024px\" \/><\/figure>\n\n\n\n<p>Bebe och Blanka heter numera Daim och Dumle. De flyttade till sitt nya hem i Glumsl\u00f6v 28\/4. Vi \u00f6nskar dem lycka till!<\/p>\n\n\n\n<p>Dessa tv\u00e5 s\u00f6tnosar fick vi in i jourhem 21\/3.<\/p>\n\n\n\n<p>Bebe och Blanka \u00e4r ett syskonpar vars mamma kommer fr\u00e5n en vildkattskoloni. Blanka, den cremef\u00e4rgade, \u00e4r en mycket lekglad hane. Efter att ha l\u00e4rt k\u00e4nna oss m\u00e4nniskor b\u00e4ttre har han \u00e4ven till\u00e5tit oss att klappa och kela med honom. Bebe, den gr\u00e5 katten, \u00e4r en otroligt klok hona. Till en b\u00f6rjan var hon mycket f\u00f6rsiktig men har sedan f\u00f6rst\u00e5tt att m\u00e4nniskor \u00e4r sn\u00e4lla mot henne och litar nu p\u00e5 b\u00e5de oss i jourhemmet och p\u00e5 andra som kommer p\u00e5 bes\u00f6k. Hon \u00e4r nu en mycket leksen katt.<\/p>\n","protected":false},"excerpt":{"rendered":"<p>Bebe och Blanka heter numera Daim och Dumle. De flyttade till sitt nya hem i Glumsl\u00f6v 28\/4. Vi \u00f6nskar dem lycka till! Dessa tv\u00e5 s\u00f6tnosar fick vi in i jourhem 21\/3. Bebe och Blanka \u00e4r ett syskonpar vars mamma kommer fr\u00e5n en vildkattskoloni. Blanka, den cremef\u00e4rgade, \u00e4r en mycket lekglad hane. Efter att ha l\u00e4rt k\u00e4nna oss m\u00e4nniskor b\u00e4ttre har han \u00e4ven till\u00e5tit oss att klappa och kela med honom.&hellip;<\/p>\n<p><a class=\"more-link\" href=\"https:\/\/www.djurskyddet.se\/landskrona\/senaste-nytt\/bebe-och-blanka\/\" title=\"Continue reading &lsquo;Bebe och Blanka&rsquo;\">L&auml;s mer<span class=\"meta-nav\">&raquo;<\/span><\/a><\/p>\n","protected":false},"author":27,"featured_media":0,"comment_status":"closed","ping_status":"open","sticky":false,"template":"","format":"standard","meta":{"_acf_changed":false,"footnotes":""},"categories":[18],"tags":[],"class_list":["post-9146","post","type-post","status-publish","format-standard","hentry","category-senaste-nytt"],"acf":[],"_links":{"self":[{"href":"https:\/\/www.djurskyddet.se\/landskrona\/wp-json\/wp\/v2\/posts\/9146","targetHints":{"allow":["GET"]}}],"collection":[{"href":"https:\/\/www.djurskyddet.se\/landskrona\/wp-json\/wp\/v2\/posts"}],"about":[{"href":"https:\/\/www.djurskyddet.se\/landskrona\/wp-json\/wp\/v2\/types\/post"}],"author":[{"embeddable":true,"href":"https:\/\/www.djurskyddet.se\/landskrona\/wp-json\/wp\/v2\/users\/27"}],"replies":[{"embeddable":true,"href":"https:\/\/www.djurskyddet.se\/landskrona\/wp-json\/wp\/v2\/comments?post=9146"}],"version-history":[{"count":1,"href":"https:\/\/www.djurskyddet.se\/landskrona\/wp-json\/wp\/v2\/posts\/9146\/revisions"}],"predecessor-version":[{"id":9148,"href":"https:\/\/www.djurskyddet.se\/landskrona\/wp-json\/wp\/v2\/posts\/9146\/revisions\/9148"}],"wp:attachment":[{"href":"https:\/\/www.djurskyddet.se\/landskrona\/wp-json\/wp\/v2\/media?parent=9146"}],"wp:term":[{"taxonomy":"category","embeddable":true,"href":"https:\/\/www.djurskyddet.se\/landskrona\/wp-json\/wp\/v2\/categories?post=9146"},{"taxonomy":"post_tag","embeddable":true,"href":"https:\/\/www.djurskyddet.se\/landskrona\/wp-json\/wp\/v2\/tags?post=9146"}],"curies":[{"name":"wp","href":"https:\/\/api.w.org\/{rel}","templated":true}]}}