{"id":9154,"date":"2023-05-05T15:42:28","date_gmt":"2023-05-05T15:42:28","guid":{"rendered":"https:\/\/www.djurskyddet.se\/landskrona\/?p=9154"},"modified":"2023-06-25T14:45:54","modified_gmt":"2023-06-25T14:45:54","slug":"baloo","status":"publish","type":"post","link":"https:\/\/www.djurskyddet.se\/landskrona\/senaste-nytt\/baloo\/","title":{"rendered":"Baloo"},"content":{"rendered":"\n<figure class=\"wp-block-image size-medium\"><img loading=\"lazy\" decoding=\"async\" width=\"225\" height=\"300\" src=\"https:\/\/www.djurskyddet.se\/landskrona\/wp-content\/uploads\/sites\/22\/2023\/05\/Baloo-225x300.jpg\" alt=\"\" class=\"wp-image-9155\" srcset=\"https:\/\/www.djurskyddet.se\/landskrona\/wp-content\/uploads\/sites\/22\/2023\/05\/Baloo-225x300.jpg 225w, https:\/\/www.djurskyddet.se\/landskrona\/wp-content\/uploads\/sites\/22\/2023\/05\/Baloo-400x533.jpg 400w, https:\/\/www.djurskyddet.se\/landskrona\/wp-content\/uploads\/sites\/22\/2023\/05\/Baloo.jpg 720w\" sizes=\"auto, (max-width: 225px) 100vw, 225px\" \/><\/figure>\n\n\n\n<p class=\"has-background\" style=\"background-color:#def5cf\">Baloo har f\u00e5tt flytta till sitt f\u00f6ralltidhem. Vi \u00f6nskar honom lycka till ?<\/p>\n\n\n\n<pre class=\"wp-block-verse\"><\/pre>\n\n\n\n<p><\/p>\n\n\n\n<p>(Baloo \u00e4r ca 1 \u00e5r och kastrerad. Han ska f\u00e5 sin 2:a vaccinering om 3 veckor.<br>Baloo var lite f\u00f6rsiktig n\u00e4r han kom till oss men det berodde p\u00e5 sm\u00e4rta fr\u00e5n tovorna han hade och som stramade i skinnet n\u00e4r han r\u00f6rde sig. Han \u00e4r semil\u00e5ngh\u00e5rig och har inte f\u00e5tt den p\u00e4lsv\u00e5rd han beh\u00f6ver. Tovorna satt t\u00e4tt inp\u00e5 kroppen och rakades bort hos veterin\u00e4ren samtidigt som han blev kastrerad. Nu r\u00f6r han sig fritt och har b\u00f6rjat ta f\u00f6r sig och blivit en riktig kelgris.)<\/p>\n","protected":false},"excerpt":{"rendered":"<p>Baloo har f\u00e5tt flytta till sitt f\u00f6ralltidhem. Vi \u00f6nskar honom lycka till ? (Baloo \u00e4r ca 1 \u00e5r och kastrerad. Han ska f\u00e5 sin 2:a vaccinering om 3 veckor.Baloo var lite f\u00f6rsiktig n\u00e4r han kom till oss men det berodde p\u00e5 sm\u00e4rta fr\u00e5n tovorna han hade och som stramade i skinnet n\u00e4r han r\u00f6rde sig. Han \u00e4r semil\u00e5ngh\u00e5rig och har inte f\u00e5tt den p\u00e4lsv\u00e5rd han beh\u00f6ver. Tovorna satt t\u00e4tt inp\u00e5&hellip;<\/p>\n<p><a class=\"more-link\" href=\"https:\/\/www.djurskyddet.se\/landskrona\/senaste-nytt\/baloo\/\" title=\"Continue reading &lsquo;Baloo&rsquo;\">L&auml;s mer<span class=\"meta-nav\">&raquo;<\/span><\/a><\/p>\n","protected":false},"author":27,"featured_media":9155,"comment_status":"closed","ping_status":"open","sticky":false,"template":"","format":"standard","meta":{"_acf_changed":false,"footnotes":""},"categories":[18],"tags":[],"class_list":["post-9154","post","type-post","status-publish","format-standard","has-post-thumbnail","hentry","category-senaste-nytt"],"acf":[],"_links":{"self":[{"href":"https:\/\/www.djurskyddet.se\/landskrona\/wp-json\/wp\/v2\/posts\/9154","targetHints":{"allow":["GET"]}}],"collection":[{"href":"https:\/\/www.djurskyddet.se\/landskrona\/wp-json\/wp\/v2\/posts"}],"about":[{"href":"https:\/\/www.djurskyddet.se\/landskrona\/wp-json\/wp\/v2\/types\/post"}],"author":[{"embeddable":true,"href":"https:\/\/www.djurskyddet.se\/landskrona\/wp-json\/wp\/v2\/users\/27"}],"replies":[{"embeddable":true,"href":"https:\/\/www.djurskyddet.se\/landskrona\/wp-json\/wp\/v2\/comments?post=9154"}],"version-history":[{"count":10,"href":"https:\/\/www.djurskyddet.se\/landskrona\/wp-json\/wp\/v2\/posts\/9154\/revisions"}],"predecessor-version":[{"id":9404,"href":"https:\/\/www.djurskyddet.se\/landskrona\/wp-json\/wp\/v2\/posts\/9154\/revisions\/9404"}],"wp:featuredmedia":[{"embeddable":true,"href":"https:\/\/www.djurskyddet.se\/landskrona\/wp-json\/wp\/v2\/media\/9155"}],"wp:attachment":[{"href":"https:\/\/www.djurskyddet.se\/landskrona\/wp-json\/wp\/v2\/media?parent=9154"}],"wp:term":[{"taxonomy":"category","embeddable":true,"href":"https:\/\/www.djurskyddet.se\/landskrona\/wp-json\/wp\/v2\/categories?post=9154"},{"taxonomy":"post_tag","embeddable":true,"href":"https:\/\/www.djurskyddet.se\/landskrona\/wp-json\/wp\/v2\/tags?post=9154"}],"curies":[{"name":"wp","href":"https:\/\/api.w.org\/{rel}","templated":true}]}}