{"id":9158,"date":"2023-05-05T15:46:33","date_gmt":"2023-05-05T15:46:33","guid":{"rendered":"https:\/\/www.djurskyddet.se\/landskrona\/?p=9158"},"modified":"2024-04-01T19:20:59","modified_gmt":"2024-04-01T19:20:59","slug":"sotis","status":"publish","type":"post","link":"https:\/\/www.djurskyddet.se\/landskrona\/senaste-nytt\/sotis\/","title":{"rendered":"Sotis"},"content":{"rendered":"\n<figure class=\"wp-block-image size-medium\"><img loading=\"lazy\" decoding=\"async\" width=\"227\" height=\"300\" src=\"https:\/\/www.djurskyddet.se\/landskrona\/wp-content\/uploads\/sites\/22\/2023\/05\/Sotis-227x300.jpeg\" alt=\"\" class=\"wp-image-10053\" srcset=\"https:\/\/www.djurskyddet.se\/landskrona\/wp-content\/uploads\/sites\/22\/2023\/05\/Sotis-227x300.jpeg 227w, https:\/\/www.djurskyddet.se\/landskrona\/wp-content\/uploads\/sites\/22\/2023\/05\/Sotis-400x529.jpeg 400w, https:\/\/www.djurskyddet.se\/landskrona\/wp-content\/uploads\/sites\/22\/2023\/05\/Sotis.jpeg 484w\" sizes=\"auto, (max-width: 227px) 100vw, 227px\" \/><\/figure>\n\n\n\n<p class=\"has-background\" style=\"background-color:#def5cf\">Fina Sotis har f\u00e5tt stanna i sitt jourhem! Lycka till i ditt f\u00f6ralltidhem! ?<\/p>\n\n\n\n<p>Jag heter Sotis och \u00e4r en s\u00f6t nyfiken kille som snart fyller 5 \u00e5r. Jag \u00e4r en kelig katt som \u00e4lskar att l\u00e4gga huvudet i handflatan och bli kliad under hakan. Att hoppa upp i s\u00e4ngen och ligga n\u00e4ra tycker jag ocks\u00e5 om. D\u00e4remot tycker jag inte om att bli buren men jag g\u00e5r g\u00e4rna efter dig och f\u00f6ljer dig runt i hemmet.<\/p>\n\n\n\n<p><\/p>\n\n\n\n<p>Tidigare tyckte jag inte riktigt om n\u00e4r det kom hem g\u00e4ster hos oss. Men numera tycker jag det \u00e4r helt okej att bli klappad \u00e4ven av g\u00e4sterna om jag bara f\u00e5r en liten stund ifred innan jag kommer och bekantar mig. H\u00f6ga ljud och ov\u00e4ntade r\u00f6relser kan skr\u00e4mma mig lite. Jag springer d\u00e5 g\u00e4rna iv\u00e4g men kommer tillbaka strax d\u00e4refter. Det kan \u00e4ven h\u00e4nda att jourhemsmatte f\u00e5r n\u00e5gra sm\u00e5 k\u00e4rleksbett n\u00e4r hon klappar mig. Men jag menar inget illa utan g\u00f6r det utav k\u00e4rlek och tillgivenhet.<\/p>\n\n\n\n<p><\/p>\n\n\n\n<p>Jag beh\u00f6ver komma till ett lugnt och tryggt hem och beh\u00f6ver f\u00e5 tid p\u00e5 mig att bo in mig innan jag k\u00e4nner mig helt trygg. Men n\u00e4r jag v\u00e4l bott in mig s\u00e5 kommer du m\u00e4rka vilken h\u00e4rlig katt jag \u00e4r.<\/p>\n\n\n\n<p>Jag \u00e4r en riktig raring som bara vinner i l\u00e4ngden!<\/p>\n\n\n\n<p><\/p>\n\n\n\n<pre class=\"wp-block-verse\"><\/pre>\n\n\n\n<p><strong>Sotis<\/strong> \u00e4r:<\/p>\n\n\n\n<p>? Kastrerad<\/p>\n\n\n\n<p>? Chipm\u00e4rkt<\/p>\n\n\n\n<p>? Vaccinerad<\/p>\n\n\n\n<p>? Vill g\u00e4rna ha tillg\u00e5ng till balkong<\/p>\n\n\n\n<pre class=\"wp-block-verse\"><\/pre>\n\n\n\n<p>\u00c4r&nbsp;<strong>Sotis<\/strong>&nbsp;katten f\u00f6r dig? Skicka in din intresseanm\u00e4lan till oss! \u2b07\ufe0f<\/p>\n","protected":false},"excerpt":{"rendered":"<p>Fina Sotis har f\u00e5tt stanna i sitt jourhem! Lycka till i ditt f\u00f6ralltidhem! ? Jag heter Sotis och \u00e4r en s\u00f6t nyfiken kille som snart fyller 5 \u00e5r. Jag \u00e4r en kelig katt som \u00e4lskar att l\u00e4gga huvudet i handflatan och bli kliad under hakan. Att hoppa upp i s\u00e4ngen och ligga n\u00e4ra tycker jag ocks\u00e5 om. D\u00e4remot tycker jag inte om att bli buren men jag g\u00e5r g\u00e4rna efter&hellip;<\/p>\n<p><a class=\"more-link\" href=\"https:\/\/www.djurskyddet.se\/landskrona\/senaste-nytt\/sotis\/\" title=\"Continue reading &lsquo;Sotis&rsquo;\">L&auml;s mer<span class=\"meta-nav\">&raquo;<\/span><\/a><\/p>\n","protected":false},"author":27,"featured_media":10053,"comment_status":"closed","ping_status":"open","sticky":false,"template":"","format":"standard","meta":{"_acf_changed":false,"footnotes":""},"categories":[18],"tags":[],"class_list":["post-9158","post","type-post","status-publish","format-standard","has-post-thumbnail","hentry","category-senaste-nytt"],"acf":[],"_links":{"self":[{"href":"https:\/\/www.djurskyddet.se\/landskrona\/wp-json\/wp\/v2\/posts\/9158","targetHints":{"allow":["GET"]}}],"collection":[{"href":"https:\/\/www.djurskyddet.se\/landskrona\/wp-json\/wp\/v2\/posts"}],"about":[{"href":"https:\/\/www.djurskyddet.se\/landskrona\/wp-json\/wp\/v2\/types\/post"}],"author":[{"embeddable":true,"href":"https:\/\/www.djurskyddet.se\/landskrona\/wp-json\/wp\/v2\/users\/27"}],"replies":[{"embeddable":true,"href":"https:\/\/www.djurskyddet.se\/landskrona\/wp-json\/wp\/v2\/comments?post=9158"}],"version-history":[{"count":10,"href":"https:\/\/www.djurskyddet.se\/landskrona\/wp-json\/wp\/v2\/posts\/9158\/revisions"}],"predecessor-version":[{"id":10648,"href":"https:\/\/www.djurskyddet.se\/landskrona\/wp-json\/wp\/v2\/posts\/9158\/revisions\/10648"}],"wp:featuredmedia":[{"embeddable":true,"href":"https:\/\/www.djurskyddet.se\/landskrona\/wp-json\/wp\/v2\/media\/10053"}],"wp:attachment":[{"href":"https:\/\/www.djurskyddet.se\/landskrona\/wp-json\/wp\/v2\/media?parent=9158"}],"wp:term":[{"taxonomy":"category","embeddable":true,"href":"https:\/\/www.djurskyddet.se\/landskrona\/wp-json\/wp\/v2\/categories?post=9158"},{"taxonomy":"post_tag","embeddable":true,"href":"https:\/\/www.djurskyddet.se\/landskrona\/wp-json\/wp\/v2\/tags?post=9158"}],"curies":[{"name":"wp","href":"https:\/\/api.w.org\/{rel}","templated":true}]}}