{"id":9177,"date":"2023-05-08T17:52:12","date_gmt":"2023-05-08T17:52:12","guid":{"rendered":"https:\/\/www.djurskyddet.se\/landskrona\/?p=9177"},"modified":"2023-09-13T10:25:11","modified_gmt":"2023-09-13T10:25:11","slug":"splendido","status":"publish","type":"post","link":"https:\/\/www.djurskyddet.se\/landskrona\/senaste-nytt\/splendido\/","title":{"rendered":"Splendido"},"content":{"rendered":"\n<figure class=\"wp-block-image size-medium\"><img loading=\"lazy\" decoding=\"async\" width=\"259\" height=\"300\" src=\"https:\/\/www.djurskyddet.se\/landskrona\/wp-content\/uploads\/sites\/22\/2023\/05\/Splendido2-259x300.jpg\" alt=\"\" class=\"wp-image-9183\" srcset=\"https:\/\/www.djurskyddet.se\/landskrona\/wp-content\/uploads\/sites\/22\/2023\/05\/Splendido2-259x300.jpg 259w, https:\/\/www.djurskyddet.se\/landskrona\/wp-content\/uploads\/sites\/22\/2023\/05\/Splendido2-768x889.jpg 768w, https:\/\/www.djurskyddet.se\/landskrona\/wp-content\/uploads\/sites\/22\/2023\/05\/Splendido2-400x463.jpg 400w, https:\/\/www.djurskyddet.se\/landskrona\/wp-content\/uploads\/sites\/22\/2023\/05\/Splendido2.jpg 885w\" sizes=\"auto, (max-width: 259px) 100vw, 259px\" \/><\/figure>\n\n\n\n<p class=\"has-background\" style=\"background-color:#def5cf\">Splendido har flyttat till sitt f\u00f6ralltidhem! Lycka till fina tjejen \u2764\ufe0f<\/p>\n\n\n\n<p>(Jag heter Splendido \u00e4r en v\u00e4ldigt okomplicerad katt som ser till att njuta av livet. Jag \u00e4lskar att hoppa upp p\u00e5 diskb\u00e4nken och sitta och titta ut genom k\u00f6ksf\u00f6nstret.  Det \u00e4r s\u00e5 sp\u00e4nnande och f\u00f6lja vad som h\u00e4nder utanf\u00f6r. Jag brukar ha ett litet fat med vatten bredvid mig som jag dricker ur under tiden jag sitter och spanar p\u00e5 allt utanf\u00f6r.<\/p>\n\n\n\n<p>Jag brukar visa tydligt f\u00f6r familjen jag bor hos n\u00e4r jag \u00e4r sugen p\u00e5 att kela eller bara vill bli klappad. D\u00e5 spinner jag och brukar l\u00e4gga mig t\u00e4tt intill de d\u00e4r m\u00e4nniskorna som sitter i soffan. S\u00e5 mysigt! \u00c4nnu b\u00e4ttre blir det n\u00e4r de tar fram borsten och borstar mig.<\/p>\n\n\n\n<p>Jag \u00e4r lite f\u00f6rsiktig och privat av mig och kommer det hem nya m\u00e4nniskor till oss s\u00e5 g\u00e5r jag g\u00e4rna in bakom gardinen och l\u00e4gger mig. Jag vill g\u00e4rna komma till ett hem d\u00e4r jag kan f\u00e5 mysa och bara vara.)<\/p>\n\n\n\n<pre class=\"wp-block-verse\"><\/pre>\n\n\n\n<p><strong>Splendido<\/strong> \u00e4r:<\/p>\n\n\n\n<p>? Kastrerad<\/p>\n\n\n\n<p>? Chipm\u00e4rkt<\/p>\n\n\n\n<p>? Vaccinerad<\/p>\n\n\n\n<p><\/p>\n","protected":false},"excerpt":{"rendered":"<p>Splendido har flyttat till sitt f\u00f6ralltidhem! Lycka till fina tjejen \u2764\ufe0f (Jag heter Splendido \u00e4r en v\u00e4ldigt okomplicerad katt som ser till att njuta av livet. Jag \u00e4lskar att hoppa upp p\u00e5 diskb\u00e4nken och sitta och titta ut genom k\u00f6ksf\u00f6nstret. Det \u00e4r s\u00e5 sp\u00e4nnande och f\u00f6lja vad som h\u00e4nder utanf\u00f6r. Jag brukar ha ett litet fat med vatten bredvid mig som jag dricker ur under tiden jag sitter och spanar&hellip;<\/p>\n<p><a class=\"more-link\" href=\"https:\/\/www.djurskyddet.se\/landskrona\/senaste-nytt\/splendido\/\" title=\"Continue reading &lsquo;Splendido&rsquo;\">L&auml;s mer<span class=\"meta-nav\">&raquo;<\/span><\/a><\/p>\n","protected":false},"author":27,"featured_media":9183,"comment_status":"closed","ping_status":"open","sticky":false,"template":"","format":"standard","meta":{"_acf_changed":false,"footnotes":""},"categories":[18],"tags":[],"class_list":["post-9177","post","type-post","status-publish","format-standard","has-post-thumbnail","hentry","category-senaste-nytt"],"acf":[],"_links":{"self":[{"href":"https:\/\/www.djurskyddet.se\/landskrona\/wp-json\/wp\/v2\/posts\/9177","targetHints":{"allow":["GET"]}}],"collection":[{"href":"https:\/\/www.djurskyddet.se\/landskrona\/wp-json\/wp\/v2\/posts"}],"about":[{"href":"https:\/\/www.djurskyddet.se\/landskrona\/wp-json\/wp\/v2\/types\/post"}],"author":[{"embeddable":true,"href":"https:\/\/www.djurskyddet.se\/landskrona\/wp-json\/wp\/v2\/users\/27"}],"replies":[{"embeddable":true,"href":"https:\/\/www.djurskyddet.se\/landskrona\/wp-json\/wp\/v2\/comments?post=9177"}],"version-history":[{"count":8,"href":"https:\/\/www.djurskyddet.se\/landskrona\/wp-json\/wp\/v2\/posts\/9177\/revisions"}],"predecessor-version":[{"id":9593,"href":"https:\/\/www.djurskyddet.se\/landskrona\/wp-json\/wp\/v2\/posts\/9177\/revisions\/9593"}],"wp:featuredmedia":[{"embeddable":true,"href":"https:\/\/www.djurskyddet.se\/landskrona\/wp-json\/wp\/v2\/media\/9183"}],"wp:attachment":[{"href":"https:\/\/www.djurskyddet.se\/landskrona\/wp-json\/wp\/v2\/media?parent=9177"}],"wp:term":[{"taxonomy":"category","embeddable":true,"href":"https:\/\/www.djurskyddet.se\/landskrona\/wp-json\/wp\/v2\/categories?post=9177"},{"taxonomy":"post_tag","embeddable":true,"href":"https:\/\/www.djurskyddet.se\/landskrona\/wp-json\/wp\/v2\/tags?post=9177"}],"curies":[{"name":"wp","href":"https:\/\/api.w.org\/{rel}","templated":true}]}}