{"id":9300,"date":"2023-06-03T12:57:38","date_gmt":"2023-06-03T12:57:38","guid":{"rendered":"https:\/\/www.djurskyddet.se\/landskrona\/?p=9300"},"modified":"2024-04-01T19:24:56","modified_gmt":"2024-04-01T19:24:56","slug":"liten","status":"publish","type":"post","link":"https:\/\/www.djurskyddet.se\/landskrona\/senaste-nytt\/liten\/","title":{"rendered":"Liten"},"content":{"rendered":"\n<figure class=\"wp-block-image size-medium\"><img loading=\"lazy\" decoding=\"async\" width=\"276\" height=\"300\" src=\"https:\/\/www.djurskyddet.se\/landskrona\/wp-content\/uploads\/sites\/22\/2023\/06\/Liten-2-276x300.jpg\" alt=\"\" class=\"wp-image-9313\" srcset=\"https:\/\/www.djurskyddet.se\/landskrona\/wp-content\/uploads\/sites\/22\/2023\/06\/Liten-2-276x300.jpg 276w, https:\/\/www.djurskyddet.se\/landskrona\/wp-content\/uploads\/sites\/22\/2023\/06\/Liten-2-400x434.jpg 400w, https:\/\/www.djurskyddet.se\/landskrona\/wp-content\/uploads\/sites\/22\/2023\/06\/Liten-2.jpg 647w\" sizes=\"auto, (max-width: 276px) 100vw, 276px\" \/><\/figure>\n\n\n\n<p class=\"has-background\" style=\"background-color:#def5cf\">Liten har f\u00e5tt stanna i sitt jourhem! Lycka till lilla du! ?<\/p>\n\n\n\n<p>Jag heter Liten och \u00e4r 6 m\u00e5nader. Jag \u00e4r katten som alltid kommer f\u00f6rbli liten, men trots det \u00e4r jag full av bus och v\u00e4ldigt nyfiken. Min favoritleksak \u00e4r den d\u00e4r pinnen med ett sn\u00f6re som m\u00e4nniskorna viftar med. Min favorit \u00e4r absolut den pinnen d\u00e4r det sitter n\u00e5got l\u00e4ngst ut som piper\u2026.den \u00e4r rolig. Annars tycker jag parkour \u00e4r v\u00e4ldigt kul, dvs n\u00e4r jag f\u00e5r springa och hoppa upp och ner p\u00e5 alla m\u00f6bler.<\/p>\n\n\n\n<p>Jag \u00e4r f\u00f6dd ute och har fr\u00e5n b\u00f6rjan f\u00e5tt l\u00e4ra mig att klara mig p\u00e5 egen hand vilket gjort att jag \u00e4r r\u00e4tt skygg. Jag tycker dock att de h\u00e4r m\u00e4nniskorna \u00e4r sp\u00e4nnande s\u00e5 jag \u00e4r g\u00e4rna n\u00e4ra dem, men h\u00e5ller g\u00e4rna ett litet avst\u00e5nd. Jag b\u00f6rjar lita p\u00e5 dem mer och mer s\u00e5 d\u00e4rf\u00f6r l\u00e5ter jag dem ibland f\u00e5nga mig och b\u00e4ra upp mig i deras famn. Jag m\u00e5ste erk\u00e4nna att jag tycker det \u00e4r ganska mysigt men jag tittar lite surt p\u00e5 dem s\u00e5 att de inte ska f\u00e5 f\u00f6r sig att jag gillar det. Jag tycker att jag litar mer och mer p\u00e5 m\u00e4nniskorna men k\u00e4nner att jag inte \u00e4r helt trygg \u00e4nnu.<\/p>\n\n\n\n<p>M\u00e4nniskorna s\u00e4ger att jag alltid kommer beh\u00f6va var inne eftersom jag tydligen inte \u00e4r st\u00f6rre \u00e4n en 12 veckor gammal katt. De \u00e4r r\u00e4dda f\u00f6r att jag kommer vara ett l\u00e4tt byte om jag b\u00f6rjar vara ute. &nbsp;<\/p>\n\n\n\n<p>N\u00e4r m\u00e4nniskorna g\u00e5r och l\u00e4gger sig i s\u00e4ngen hoppar jag g\u00e4rna upp och sover d\u00e4r tillsammans med min kattkompis. Jag tycker v\u00e4ldigt mycket om min kattkompis som tar s\u00e5 bra hand om mig. Hon s\u00e4ger dock till mig n\u00e4r jag \u00e4r lite st\u00f6rig men \u00e4r sn\u00e4ll och tv\u00e4ttar mig n\u00e4r hon tycker att det beh\u00f6vs.<\/p>\n\n\n\n<pre class=\"wp-block-verse\"><\/pre>\n\n\n\n<p><strong>Liten<\/strong> \u00e4r:<\/p>\n\n\n\n<p>? Kastrerad<\/p>\n\n\n\n<p>? Chipm\u00e4rkt<\/p>\n\n\n\n<p>? Vaccinerad <\/p>\n\n\n\n<p>? Beh\u00f6ver kattkompis<\/p>\n\n\n\n<pre class=\"wp-block-verse\"><\/pre>\n\n\n\n<p>Adoptionsavgift: 1800:-<\/p>\n\n\n\n<pre class=\"wp-block-verse\"><\/pre>\n\n\n\n<p>\u00c4r <strong>Liten<\/strong> katten f\u00f6r dig? Skicka in din intresseanm\u00e4lan till oss! \u2b07\ufe0f <\/p>\n","protected":false},"excerpt":{"rendered":"<p>Liten har f\u00e5tt stanna i sitt jourhem! Lycka till lilla du! ? Jag heter Liten och \u00e4r 6 m\u00e5nader. Jag \u00e4r katten som alltid kommer f\u00f6rbli liten, men trots det \u00e4r jag full av bus och v\u00e4ldigt nyfiken. Min favoritleksak \u00e4r den d\u00e4r pinnen med ett sn\u00f6re som m\u00e4nniskorna viftar med. Min favorit \u00e4r absolut den pinnen d\u00e4r det sitter n\u00e5got l\u00e4ngst ut som piper\u2026.den \u00e4r rolig. Annars tycker jag&hellip;<\/p>\n<p><a class=\"more-link\" href=\"https:\/\/www.djurskyddet.se\/landskrona\/senaste-nytt\/liten\/\" title=\"Continue reading &lsquo;Liten&rsquo;\">L&auml;s mer<span class=\"meta-nav\">&raquo;<\/span><\/a><\/p>\n","protected":false},"author":27,"featured_media":9313,"comment_status":"closed","ping_status":"open","sticky":false,"template":"","format":"standard","meta":{"_acf_changed":false,"footnotes":""},"categories":[18],"tags":[],"class_list":["post-9300","post","type-post","status-publish","format-standard","has-post-thumbnail","hentry","category-senaste-nytt"],"acf":[],"_links":{"self":[{"href":"https:\/\/www.djurskyddet.se\/landskrona\/wp-json\/wp\/v2\/posts\/9300","targetHints":{"allow":["GET"]}}],"collection":[{"href":"https:\/\/www.djurskyddet.se\/landskrona\/wp-json\/wp\/v2\/posts"}],"about":[{"href":"https:\/\/www.djurskyddet.se\/landskrona\/wp-json\/wp\/v2\/types\/post"}],"author":[{"embeddable":true,"href":"https:\/\/www.djurskyddet.se\/landskrona\/wp-json\/wp\/v2\/users\/27"}],"replies":[{"embeddable":true,"href":"https:\/\/www.djurskyddet.se\/landskrona\/wp-json\/wp\/v2\/comments?post=9300"}],"version-history":[{"count":18,"href":"https:\/\/www.djurskyddet.se\/landskrona\/wp-json\/wp\/v2\/posts\/9300\/revisions"}],"predecessor-version":[{"id":10651,"href":"https:\/\/www.djurskyddet.se\/landskrona\/wp-json\/wp\/v2\/posts\/9300\/revisions\/10651"}],"wp:featuredmedia":[{"embeddable":true,"href":"https:\/\/www.djurskyddet.se\/landskrona\/wp-json\/wp\/v2\/media\/9313"}],"wp:attachment":[{"href":"https:\/\/www.djurskyddet.se\/landskrona\/wp-json\/wp\/v2\/media?parent=9300"}],"wp:term":[{"taxonomy":"category","embeddable":true,"href":"https:\/\/www.djurskyddet.se\/landskrona\/wp-json\/wp\/v2\/categories?post=9300"},{"taxonomy":"post_tag","embeddable":true,"href":"https:\/\/www.djurskyddet.se\/landskrona\/wp-json\/wp\/v2\/tags?post=9300"}],"curies":[{"name":"wp","href":"https:\/\/api.w.org\/{rel}","templated":true}]}}