{"id":9458,"date":"2023-07-05T12:29:15","date_gmt":"2023-07-05T12:29:15","guid":{"rendered":"https:\/\/www.djurskyddet.se\/landskrona\/?p=9458"},"modified":"2023-12-18T19:22:05","modified_gmt":"2023-12-18T19:22:05","slug":"puma","status":"publish","type":"post","link":"https:\/\/www.djurskyddet.se\/landskrona\/senaste-nytt\/puma\/","title":{"rendered":"Puma"},"content":{"rendered":"\n<figure class=\"wp-block-image size-medium\"><img loading=\"lazy\" decoding=\"async\" width=\"300\" height=\"190\" src=\"https:\/\/www.djurskyddet.se\/landskrona\/wp-content\/uploads\/sites\/22\/2023\/07\/Puma-Frigg-300x190.jpg\" alt=\"\" class=\"wp-image-9462\" srcset=\"https:\/\/www.djurskyddet.se\/landskrona\/wp-content\/uploads\/sites\/22\/2023\/07\/Puma-Frigg-300x190.jpg 300w, https:\/\/www.djurskyddet.se\/landskrona\/wp-content\/uploads\/sites\/22\/2023\/07\/Puma-Frigg-768x487.jpg 768w, https:\/\/www.djurskyddet.se\/landskrona\/wp-content\/uploads\/sites\/22\/2023\/07\/Puma-Frigg-400x254.jpg 400w, https:\/\/www.djurskyddet.se\/landskrona\/wp-content\/uploads\/sites\/22\/2023\/07\/Puma-Frigg.jpg 1024w\" sizes=\"auto, (max-width: 300px) 100vw, 300px\" \/><\/figure>\n\n\n\n<p class=\"has-background\" style=\"background-color:#def5cf\">Fina Puma har hittat sitt f\u00f6ralltidhem! \u2764\ufe0f<\/p>\n\n\n\n<p>Jag heter Puma och \u00e4r ca 2 \u00e5r gammal. Jag fick hj\u00e4lp av n\u00e5gra sn\u00e4lla m\u00e4nniskor f\u00f6r ca ett \u00e5r sedan d\u00e5 jag hade kattungar att ta hand om men var samtidigt undern\u00e4rd och skygg. Nu har jag \u00e5terh\u00e4mtat mig och \u00e4r en vacker elegant dam med min ljusa tigrering och vackra gr\u00f6na \u00f6gon. De jag bor hos s\u00e4ger att jag \u00e4r en tuff brud i lyxf\u00f6rpackning&#8230;&#8230;<\/p>\n\n\n\n<p>Trots att jag haft det tufft s\u00e5 m\u00e5r jag nu mycket b\u00e4ttre. Jag \u00e4r en tuff katt som definitivt skyddar mitt revir och kan sl\u00e5ss f\u00f6r att f\u00f6rsvara det. De andra katterna i jourhemmet, unga som gamla,  tycker jag om men kommer det en ny katt s\u00e5 k\u00f6r jag bort den med best\u00e4mdhet. Ja, jag har en stark vilja&#8230;.. Jag kan bo tillsammans med andra katter men jag beh\u00f6ver f\u00e5 tid till att l\u00e4ra k\u00e4nna den nya katten s\u00e5 jag inte jagar bort den direkt.<\/p>\n\n\n\n<p>P\u00e5 tal om att jaga! Jag \u00e4r en superb musf\u00e5ngare. Grannskapet \u00e4r helt fritt fr\u00e5n m\u00f6ss. Jag tycker om att g\u00e5 ut lite kortare rundor men det \u00e4r oftast endast f\u00f6r att f\u00e5nga n\u00e5gra m\u00f6ss. Jag tycker inte om d\u00e5ligt v\u00e4der s\u00e5som regn och bl\u00e5st, d\u00e5 \u00e4r jag hellre inomhus. Det st\u00f6r mig inte alls om jag inte kan g\u00e5 ut p\u00e5 n\u00e5gra dagar.<\/p>\n\n\n\n<p>De jag bor hos s\u00e4ger att jag verkligen blommat ut den sista tiden. Jag har b\u00f6rjat uppskatta det h\u00e4r med att kela och jag visar det v\u00e4ldigt tydligt. Men det ska vara n\u00e4r jag tycker att vi ska kela. Jag \u00e4r en n\u00f6jd katt och visar det g\u00e4rna genom att st\u00e4ndigt ha min svans i r\u00f6relse. Jag har \u00e4ven b\u00f6rjat prata en hel del, b\u00e5de med m\u00e4nniskorna och med mina kattkompisar och det \u00e4r ofta jag som bjuder in till lek med de andra katterna. <\/p>\n\n\n\n<pre class=\"wp-block-verse\"><\/pre>\n\n\n\n<p><strong>Puma<\/strong> \u00e4r:<\/p>\n\n\n\n<p>? Kastrerad<\/p>\n\n\n\n<p>? Chipm\u00e4rkt<\/p>\n\n\n\n<p>? Vaccinerad<\/p>\n\n\n\n<p>? Kan bo tillsammans med hund<\/p>\n\n\n\n<pre class=\"wp-block-verse\"><\/pre>\n\n\n\n<p>Adoptionsavgift: 1800:-<\/p>\n\n\n\n<pre class=\"wp-block-verse\"><\/pre>\n\n\n\n<p>\u00c4r <strong>Puma<\/strong> katten f\u00f6r dig? Skicka in din intresseanm\u00e4lan till oss! \u2b07\ufe0f<\/p>\n","protected":false},"excerpt":{"rendered":"<p>Fina Puma har hittat sitt f\u00f6ralltidhem! \u2764\ufe0f Jag heter Puma och \u00e4r ca 2 \u00e5r gammal. Jag fick hj\u00e4lp av n\u00e5gra sn\u00e4lla m\u00e4nniskor f\u00f6r ca ett \u00e5r sedan d\u00e5 jag hade kattungar att ta hand om men var samtidigt undern\u00e4rd och skygg. Nu har jag \u00e5terh\u00e4mtat mig och \u00e4r en vacker elegant dam med min ljusa tigrering och vackra gr\u00f6na \u00f6gon. De jag bor hos s\u00e4ger att jag \u00e4r en&hellip;<\/p>\n<p><a class=\"more-link\" href=\"https:\/\/www.djurskyddet.se\/landskrona\/senaste-nytt\/puma\/\" title=\"Continue reading &lsquo;Puma&rsquo;\">L&auml;s mer<span class=\"meta-nav\">&raquo;<\/span><\/a><\/p>\n","protected":false},"author":27,"featured_media":9462,"comment_status":"closed","ping_status":"open","sticky":false,"template":"","format":"standard","meta":{"_acf_changed":false,"footnotes":""},"categories":[18],"tags":[],"class_list":["post-9458","post","type-post","status-publish","format-standard","has-post-thumbnail","hentry","category-senaste-nytt"],"acf":[],"_links":{"self":[{"href":"https:\/\/www.djurskyddet.se\/landskrona\/wp-json\/wp\/v2\/posts\/9458","targetHints":{"allow":["GET"]}}],"collection":[{"href":"https:\/\/www.djurskyddet.se\/landskrona\/wp-json\/wp\/v2\/posts"}],"about":[{"href":"https:\/\/www.djurskyddet.se\/landskrona\/wp-json\/wp\/v2\/types\/post"}],"author":[{"embeddable":true,"href":"https:\/\/www.djurskyddet.se\/landskrona\/wp-json\/wp\/v2\/users\/27"}],"replies":[{"embeddable":true,"href":"https:\/\/www.djurskyddet.se\/landskrona\/wp-json\/wp\/v2\/comments?post=9458"}],"version-history":[{"count":15,"href":"https:\/\/www.djurskyddet.se\/landskrona\/wp-json\/wp\/v2\/posts\/9458\/revisions"}],"predecessor-version":[{"id":10075,"href":"https:\/\/www.djurskyddet.se\/landskrona\/wp-json\/wp\/v2\/posts\/9458\/revisions\/10075"}],"wp:featuredmedia":[{"embeddable":true,"href":"https:\/\/www.djurskyddet.se\/landskrona\/wp-json\/wp\/v2\/media\/9462"}],"wp:attachment":[{"href":"https:\/\/www.djurskyddet.se\/landskrona\/wp-json\/wp\/v2\/media?parent=9458"}],"wp:term":[{"taxonomy":"category","embeddable":true,"href":"https:\/\/www.djurskyddet.se\/landskrona\/wp-json\/wp\/v2\/categories?post=9458"},{"taxonomy":"post_tag","embeddable":true,"href":"https:\/\/www.djurskyddet.se\/landskrona\/wp-json\/wp\/v2\/tags?post=9458"}],"curies":[{"name":"wp","href":"https:\/\/api.w.org\/{rel}","templated":true}]}}