{"id":9534,"date":"2023-08-10T10:22:22","date_gmt":"2023-08-10T10:22:22","guid":{"rendered":"https:\/\/www.djurskyddet.se\/landskrona\/?p=9534"},"modified":"2024-07-01T10:41:16","modified_gmt":"2024-07-01T10:41:16","slug":"my","status":"publish","type":"post","link":"https:\/\/www.djurskyddet.se\/landskrona\/senaste-nytt\/my\/","title":{"rendered":"My"},"content":{"rendered":"\n<figure class=\"wp-block-image size-medium\"><img loading=\"lazy\" decoding=\"async\" width=\"280\" height=\"300\" src=\"https:\/\/www.djurskyddet.se\/landskrona\/wp-content\/uploads\/sites\/22\/2023\/08\/My-280x300.jpg\" alt=\"\" class=\"wp-image-9535\" srcset=\"https:\/\/www.djurskyddet.se\/landskrona\/wp-content\/uploads\/sites\/22\/2023\/08\/My-280x300.jpg 280w, https:\/\/www.djurskyddet.se\/landskrona\/wp-content\/uploads\/sites\/22\/2023\/08\/My-768x822.jpg 768w, https:\/\/www.djurskyddet.se\/landskrona\/wp-content\/uploads\/sites\/22\/2023\/08\/My-400x428.jpg 400w, https:\/\/www.djurskyddet.se\/landskrona\/wp-content\/uploads\/sites\/22\/2023\/08\/My.jpg 957w\" sizes=\"auto, (max-width: 280px) 100vw, 280px\" \/><\/figure>\n\n\n\n<p class=\"has-background\" style=\"background-color:#def5cf\">S\u00f6ta My har hittat sitt f\u00f6ralltidhem! Lycka till fina du! \u2764\ufe0f<\/p>\n\n\n\n<p>Jag heter My och \u00e4r en tjej p\u00e5 10 \u00e5r. St\u00f6rre delen av mitt liv har jag levt som heml\u00f6s i ett koloniomr\u00e5de men under vissa perioder s\u00e5 har det funnits sn\u00e4lla m\u00e4nniskor som f\u00f6rbarmat sig \u00f6ver mig. Jag bor nu sedan en tid tillbaka i ett jourhem d\u00e4r jag blir v\u00e4ldigt v\u00e4l omh\u00e4ndertagen.<\/p>\n\n\n\n<p><\/p>\n\n\n\n<p>Under min f\u00f6rsta tid i jourhemmet s\u00e5 var jag v\u00e4ldigt skygg och g\u00f6mde mig st\u00f6rsta delen bakom soffan d\u00e4r jag k\u00e4nde mig trygg. Men efterhand har jag b\u00f6rjat finna mig tillr\u00e4tta och jag k\u00e4nner nu att jag kan slappna av. Numera g\u00f6mmer jag mig inte utan \u00e4r tv\u00e4rtom nyfiken och kommer ofta och kollar vad som \u00e4r p\u00e5 g\u00e5ng, speciellt i k\u00f6ket. Annars ligger jag g\u00e4rna i min favoritf\u00e5t\u00f6lj eller sitter och spanar ut i f\u00f6nstret. Leker en stund kan jag ocks\u00e5 g\u00f6ra n\u00e4r andan faller p\u00e5.<\/p>\n\n\n\n<p><\/p>\n\n\n\n<p>Jag \u00e4r lite avvaktande n\u00e4r de d\u00e4r m\u00e4nniskorna \u00e4r i n\u00e4rheten \u00e4ven om jag blivit mycket modigare. Jag har uppt\u00e4ckt att det faktiskt \u00e4r ganska mysigt att bli klappad en stund, n\u00e4r jag vill!!!<\/p>\n\n\n\n<p><\/p>\n\n\n\n<p>Jag skulle vilja komma till ett hem d\u00e4r jag f\u00e5r vara ensam katt och d\u00e4r m\u00e4nniskorna har t\u00e5lamod med mig. Jag beh\u00f6ver tid p\u00e5 mig att k\u00e4nna tillit och trygghet. Men vem kan motst\u00e5 mina vackra svarta p\u00e4ls och mina outgrundliga \u00f6gon.<\/p>\n\n\n\n<pre class=\"wp-block-verse\"><\/pre>\n\n\n\n<p><strong>My \u00e4r:<\/strong><\/p>\n\n\n\n<p>? Kastrerad<\/p>\n\n\n\n<p>? Chipm\u00e4rkt<\/p>\n\n\n\n<p>? Vaccinerad <\/p>\n\n\n\n<pre class=\"wp-block-verse\"><\/pre>\n\n\n\n<p>Adoptionsavgift: 1800:-<\/p>\n\n\n\n<pre class=\"wp-block-verse\"><\/pre>\n\n\n\n<p>\u00c4r&nbsp;<strong>My<\/strong>&nbsp;katten f\u00f6r dig? Skicka in din intresseanm\u00e4lan till oss! \u2b07\ufe0f <\/p>\n","protected":false},"excerpt":{"rendered":"<p>S\u00f6ta My har hittat sitt f\u00f6ralltidhem! Lycka till fina du! \u2764\ufe0f Jag heter My och \u00e4r en tjej p\u00e5 10 \u00e5r. St\u00f6rre delen av mitt liv har jag levt som heml\u00f6s i ett koloniomr\u00e5de men under vissa perioder s\u00e5 har det funnits sn\u00e4lla m\u00e4nniskor som f\u00f6rbarmat sig \u00f6ver mig. Jag bor nu sedan en tid tillbaka i ett jourhem d\u00e4r jag blir v\u00e4ldigt v\u00e4l omh\u00e4ndertagen. Under min f\u00f6rsta tid i&hellip;<\/p>\n<p><a class=\"more-link\" href=\"https:\/\/www.djurskyddet.se\/landskrona\/senaste-nytt\/my\/\" title=\"Continue reading &lsquo;My&rsquo;\">L&auml;s mer<span class=\"meta-nav\">&raquo;<\/span><\/a><\/p>\n","protected":false},"author":27,"featured_media":9535,"comment_status":"closed","ping_status":"open","sticky":false,"template":"","format":"standard","meta":{"_acf_changed":false,"footnotes":""},"categories":[18],"tags":[],"class_list":["post-9534","post","type-post","status-publish","format-standard","has-post-thumbnail","hentry","category-senaste-nytt"],"acf":[],"_links":{"self":[{"href":"https:\/\/www.djurskyddet.se\/landskrona\/wp-json\/wp\/v2\/posts\/9534","targetHints":{"allow":["GET"]}}],"collection":[{"href":"https:\/\/www.djurskyddet.se\/landskrona\/wp-json\/wp\/v2\/posts"}],"about":[{"href":"https:\/\/www.djurskyddet.se\/landskrona\/wp-json\/wp\/v2\/types\/post"}],"author":[{"embeddable":true,"href":"https:\/\/www.djurskyddet.se\/landskrona\/wp-json\/wp\/v2\/users\/27"}],"replies":[{"embeddable":true,"href":"https:\/\/www.djurskyddet.se\/landskrona\/wp-json\/wp\/v2\/comments?post=9534"}],"version-history":[{"count":12,"href":"https:\/\/www.djurskyddet.se\/landskrona\/wp-json\/wp\/v2\/posts\/9534\/revisions"}],"predecessor-version":[{"id":10903,"href":"https:\/\/www.djurskyddet.se\/landskrona\/wp-json\/wp\/v2\/posts\/9534\/revisions\/10903"}],"wp:featuredmedia":[{"embeddable":true,"href":"https:\/\/www.djurskyddet.se\/landskrona\/wp-json\/wp\/v2\/media\/9535"}],"wp:attachment":[{"href":"https:\/\/www.djurskyddet.se\/landskrona\/wp-json\/wp\/v2\/media?parent=9534"}],"wp:term":[{"taxonomy":"category","embeddable":true,"href":"https:\/\/www.djurskyddet.se\/landskrona\/wp-json\/wp\/v2\/categories?post=9534"},{"taxonomy":"post_tag","embeddable":true,"href":"https:\/\/www.djurskyddet.se\/landskrona\/wp-json\/wp\/v2\/tags?post=9534"}],"curies":[{"name":"wp","href":"https:\/\/api.w.org\/{rel}","templated":true}]}}