{"id":9596,"date":"2023-09-13T13:36:42","date_gmt":"2023-09-13T13:36:42","guid":{"rendered":"https:\/\/www.djurskyddet.se\/landskrona\/?p=9596"},"modified":"2023-11-01T19:21:05","modified_gmt":"2023-11-01T19:21:05","slug":"bruno","status":"publish","type":"post","link":"https:\/\/www.djurskyddet.se\/landskrona\/senaste-nytt\/bruno\/","title":{"rendered":"Bruno"},"content":{"rendered":"\n<figure class=\"wp-block-image size-medium\"><img loading=\"lazy\" decoding=\"async\" width=\"225\" height=\"300\" src=\"https:\/\/www.djurskyddet.se\/landskrona\/wp-content\/uploads\/sites\/22\/2023\/09\/Bruno-225x300.jpeg\" alt=\"\" class=\"wp-image-9607\" srcset=\"https:\/\/www.djurskyddet.se\/landskrona\/wp-content\/uploads\/sites\/22\/2023\/09\/Bruno-225x300.jpeg 225w, https:\/\/www.djurskyddet.se\/landskrona\/wp-content\/uploads\/sites\/22\/2023\/09\/Bruno-400x533.jpeg 400w, https:\/\/www.djurskyddet.se\/landskrona\/wp-content\/uploads\/sites\/22\/2023\/09\/Bruno.jpeg 768w\" sizes=\"auto, (max-width: 225px) 100vw, 225px\" \/><\/figure>\n\n\n\n<p class=\"has-background\" style=\"background-color:#def5cf\">H\u00e4rliga Bruno har nu f\u00e5tt flytta till sitt f\u00f6ralltidhem tillsammans med en av sina br\u00f6der! ?<\/p>\n\n\n\n<p><\/p>\n\n\n\n<p>Jag \u00e4r en kille p\u00e5 3 m\u00e5nader och \u00e4r ett av totalt sex syskon. Jag och mina syskon bor tillsammans i ett av jourhemmen. <\/p>\n\n\n\n<p><\/p>\n\n\n\n<p>Jag tycker om att krypa upp och l\u00e4gga mig i s\u00e4ngen bredvid dig. I alla fall en kort stund&#8230;.. Jag \u00e4r en social kille som kommer n\u00e4r du kallar p\u00e5 mig.<\/p>\n\n\n\n<pre class=\"wp-block-verse\"><\/pre>\n\n\n\n<p><strong>Bruno<\/strong> \u00e4r:<\/p>\n\n\n\n<pre class=\"wp-block-verse\"><\/pre>\n\n\n\n<p>? <strong>Flyttklar tidigast vecka 38<\/strong><\/p>\n\n\n\n<p>? Chipm\u00e4rkt<\/p>\n\n\n\n<p>? Vaccinerad<\/p>\n\n\n\n<p>? Avmaskad<\/p>\n\n\n\n<pre class=\"wp-block-verse\"><\/pre>\n\n\n\n<p>Adoptionsavgift: 1800:-<\/p>\n\n\n\n<pre class=\"wp-block-verse\"><\/pre>\n\n\n\n<p>\u00c4r&nbsp;<strong>Bruno<\/strong>&nbsp;katten f\u00f6r dig? Skicka in din intresseanm\u00e4lan till oss! \u2b07\ufe0f<\/p>\n","protected":false},"excerpt":{"rendered":"<p>H\u00e4rliga Bruno har nu f\u00e5tt flytta till sitt f\u00f6ralltidhem tillsammans med en av sina br\u00f6der! ? Jag \u00e4r en kille p\u00e5 3 m\u00e5nader och \u00e4r ett av totalt sex syskon. Jag och mina syskon bor tillsammans i ett av jourhemmen. Jag tycker om att krypa upp och l\u00e4gga mig i s\u00e4ngen bredvid dig. I alla fall en kort stund&#8230;.. Jag \u00e4r en social kille som kommer n\u00e4r du kallar p\u00e5&hellip;<\/p>\n<p><a class=\"more-link\" href=\"https:\/\/www.djurskyddet.se\/landskrona\/senaste-nytt\/bruno\/\" title=\"Continue reading &lsquo;Bruno&rsquo;\">L&auml;s mer<span class=\"meta-nav\">&raquo;<\/span><\/a><\/p>\n","protected":false},"author":27,"featured_media":9607,"comment_status":"closed","ping_status":"open","sticky":false,"template":"","format":"standard","meta":{"_acf_changed":false,"footnotes":""},"categories":[18],"tags":[],"class_list":["post-9596","post","type-post","status-publish","format-standard","has-post-thumbnail","hentry","category-senaste-nytt"],"acf":[],"_links":{"self":[{"href":"https:\/\/www.djurskyddet.se\/landskrona\/wp-json\/wp\/v2\/posts\/9596","targetHints":{"allow":["GET"]}}],"collection":[{"href":"https:\/\/www.djurskyddet.se\/landskrona\/wp-json\/wp\/v2\/posts"}],"about":[{"href":"https:\/\/www.djurskyddet.se\/landskrona\/wp-json\/wp\/v2\/types\/post"}],"author":[{"embeddable":true,"href":"https:\/\/www.djurskyddet.se\/landskrona\/wp-json\/wp\/v2\/users\/27"}],"replies":[{"embeddable":true,"href":"https:\/\/www.djurskyddet.se\/landskrona\/wp-json\/wp\/v2\/comments?post=9596"}],"version-history":[{"count":15,"href":"https:\/\/www.djurskyddet.se\/landskrona\/wp-json\/wp\/v2\/posts\/9596\/revisions"}],"predecessor-version":[{"id":9981,"href":"https:\/\/www.djurskyddet.se\/landskrona\/wp-json\/wp\/v2\/posts\/9596\/revisions\/9981"}],"wp:featuredmedia":[{"embeddable":true,"href":"https:\/\/www.djurskyddet.se\/landskrona\/wp-json\/wp\/v2\/media\/9607"}],"wp:attachment":[{"href":"https:\/\/www.djurskyddet.se\/landskrona\/wp-json\/wp\/v2\/media?parent=9596"}],"wp:term":[{"taxonomy":"category","embeddable":true,"href":"https:\/\/www.djurskyddet.se\/landskrona\/wp-json\/wp\/v2\/categories?post=9596"},{"taxonomy":"post_tag","embeddable":true,"href":"https:\/\/www.djurskyddet.se\/landskrona\/wp-json\/wp\/v2\/tags?post=9596"}],"curies":[{"name":"wp","href":"https:\/\/api.w.org\/{rel}","templated":true}]}}