{"id":9615,"date":"2023-09-13T13:38:26","date_gmt":"2023-09-13T13:38:26","guid":{"rendered":"https:\/\/www.djurskyddet.se\/landskrona\/?p=9615"},"modified":"2023-11-01T19:16:03","modified_gmt":"2023-11-01T19:16:03","slug":"arne","status":"publish","type":"post","link":"https:\/\/www.djurskyddet.se\/landskrona\/senaste-nytt\/arne\/","title":{"rendered":"Arne"},"content":{"rendered":"\n<figure class=\"wp-block-image size-medium\"><img loading=\"lazy\" decoding=\"async\" width=\"225\" height=\"300\" src=\"https:\/\/www.djurskyddet.se\/landskrona\/wp-content\/uploads\/sites\/22\/2023\/09\/Arne-225x300.jpeg\" alt=\"\" class=\"wp-image-9609\" srcset=\"https:\/\/www.djurskyddet.se\/landskrona\/wp-content\/uploads\/sites\/22\/2023\/09\/Arne-225x300.jpeg 225w, https:\/\/www.djurskyddet.se\/landskrona\/wp-content\/uploads\/sites\/22\/2023\/09\/Arne-400x533.jpeg 400w, https:\/\/www.djurskyddet.se\/landskrona\/wp-content\/uploads\/sites\/22\/2023\/09\/Arne.jpeg 768w\" sizes=\"auto, (max-width: 225px) 100vw, 225px\" \/><\/figure>\n\n\n\n<p class=\"has-background\" style=\"background-color:#def5cf\">Bed\u00e5rande Arne har nu flyttat till sitt f\u00f6ralltidhem tillsammans med tv\u00e5 av sina syskon. ?<\/p>\n\n\n\n<p><\/p>\n\n\n\n<p>Jag \u00e4r en kille p\u00e5 3 m\u00e5nader och \u00e4r ett av totalt sex syskon. Jag och mina syskon bor tillsammans i ett av jourhemmen. <\/p>\n\n\n\n<p><\/p>\n\n\n\n<p>Det \u00e4r mig de kallar f\u00f6r &#8221;matvraket&#8221;. Jag \u00e4r en f\u00f6rsiktig kille men har senaste tiden v\u00e5gat n\u00e4rma mig m\u00e4nniskorna mer. Nu v\u00e5gar jag faktiskt l\u00e4gga mig n\u00e4ra dem, men det k\u00e4nns lite mer tryggt n\u00e4r ett av mina syskon ocks\u00e5 ligger d\u00e4r bredvid mig. Jag bara \u00e4lskar att b\u00e4ra runt p\u00e5 mina byten&#8230;.dvs mina leksaker.<\/p>\n\n\n\n<pre class=\"wp-block-verse\"><\/pre>\n\n\n\n<p><strong>Arne<\/strong> \u00e4r:<\/p>\n\n\n\n<pre class=\"wp-block-verse\"><\/pre>\n\n\n\n<p>? <strong>Flyttklar tidigast vecka 38<\/strong><\/p>\n\n\n\n<p>? Chipm\u00e4rkt<\/p>\n\n\n\n<p>? Vaccinerad<\/p>\n\n\n\n<p>? Avmaskad<\/p>\n\n\n\n<pre class=\"wp-block-verse\"><\/pre>\n\n\n\n<p>Adoptionsavgift: 1800:-<\/p>\n\n\n\n<pre class=\"wp-block-verse\"><\/pre>\n\n\n\n<p>\u00c4r&nbsp;<strong>Arne<\/strong>&nbsp;katten f\u00f6r dig? Skicka in din intresseanm\u00e4lan till oss! \u2b07\ufe0f<\/p>\n","protected":false},"excerpt":{"rendered":"<p>Bed\u00e5rande Arne har nu flyttat till sitt f\u00f6ralltidhem tillsammans med tv\u00e5 av sina syskon. ? Jag \u00e4r en kille p\u00e5 3 m\u00e5nader och \u00e4r ett av totalt sex syskon. Jag och mina syskon bor tillsammans i ett av jourhemmen. Det \u00e4r mig de kallar f\u00f6r &#8221;matvraket&#8221;. Jag \u00e4r en f\u00f6rsiktig kille men har senaste tiden v\u00e5gat n\u00e4rma mig m\u00e4nniskorna mer. Nu v\u00e5gar jag faktiskt l\u00e4gga mig n\u00e4ra dem, men det&hellip;<\/p>\n<p><a class=\"more-link\" href=\"https:\/\/www.djurskyddet.se\/landskrona\/senaste-nytt\/arne\/\" title=\"Continue reading &lsquo;Arne&rsquo;\">L&auml;s mer<span class=\"meta-nav\">&raquo;<\/span><\/a><\/p>\n","protected":false},"author":27,"featured_media":9609,"comment_status":"closed","ping_status":"open","sticky":false,"template":"","format":"standard","meta":{"_acf_changed":false,"footnotes":""},"categories":[18],"tags":[],"class_list":["post-9615","post","type-post","status-publish","format-standard","has-post-thumbnail","hentry","category-senaste-nytt"],"acf":[],"_links":{"self":[{"href":"https:\/\/www.djurskyddet.se\/landskrona\/wp-json\/wp\/v2\/posts\/9615","targetHints":{"allow":["GET"]}}],"collection":[{"href":"https:\/\/www.djurskyddet.se\/landskrona\/wp-json\/wp\/v2\/posts"}],"about":[{"href":"https:\/\/www.djurskyddet.se\/landskrona\/wp-json\/wp\/v2\/types\/post"}],"author":[{"embeddable":true,"href":"https:\/\/www.djurskyddet.se\/landskrona\/wp-json\/wp\/v2\/users\/27"}],"replies":[{"embeddable":true,"href":"https:\/\/www.djurskyddet.se\/landskrona\/wp-json\/wp\/v2\/comments?post=9615"}],"version-history":[{"count":6,"href":"https:\/\/www.djurskyddet.se\/landskrona\/wp-json\/wp\/v2\/posts\/9615\/revisions"}],"predecessor-version":[{"id":9978,"href":"https:\/\/www.djurskyddet.se\/landskrona\/wp-json\/wp\/v2\/posts\/9615\/revisions\/9978"}],"wp:featuredmedia":[{"embeddable":true,"href":"https:\/\/www.djurskyddet.se\/landskrona\/wp-json\/wp\/v2\/media\/9609"}],"wp:attachment":[{"href":"https:\/\/www.djurskyddet.se\/landskrona\/wp-json\/wp\/v2\/media?parent=9615"}],"wp:term":[{"taxonomy":"category","embeddable":true,"href":"https:\/\/www.djurskyddet.se\/landskrona\/wp-json\/wp\/v2\/categories?post=9615"},{"taxonomy":"post_tag","embeddable":true,"href":"https:\/\/www.djurskyddet.se\/landskrona\/wp-json\/wp\/v2\/tags?post=9615"}],"curies":[{"name":"wp","href":"https:\/\/api.w.org\/{rel}","templated":true}]}}