{"id":9622,"date":"2023-09-13T13:40:56","date_gmt":"2023-09-13T13:40:56","guid":{"rendered":"https:\/\/www.djurskyddet.se\/landskrona\/?p=9622"},"modified":"2023-10-22T09:02:52","modified_gmt":"2023-10-22T09:02:52","slug":"bertil","status":"publish","type":"post","link":"https:\/\/www.djurskyddet.se\/landskrona\/senaste-nytt\/bertil\/","title":{"rendered":"Bertil"},"content":{"rendered":"\n<figure class=\"wp-block-image size-medium\"><img loading=\"lazy\" decoding=\"async\" width=\"225\" height=\"300\" src=\"https:\/\/www.djurskyddet.se\/landskrona\/wp-content\/uploads\/sites\/22\/2023\/09\/Bertil-225x300.jpeg\" alt=\"\" class=\"wp-image-9608\" srcset=\"https:\/\/www.djurskyddet.se\/landskrona\/wp-content\/uploads\/sites\/22\/2023\/09\/Bertil-225x300.jpeg 225w, https:\/\/www.djurskyddet.se\/landskrona\/wp-content\/uploads\/sites\/22\/2023\/09\/Bertil-400x533.jpeg 400w, https:\/\/www.djurskyddet.se\/landskrona\/wp-content\/uploads\/sites\/22\/2023\/09\/Bertil.jpeg 768w\" sizes=\"auto, (max-width: 225px) 100vw, 225px\" \/><\/figure>\n\n\n\n<pre class=\"wp-block-verse\"><\/pre>\n\n\n\n<p class=\"has-background\" style=\"background-color:#def5cf\">S\u00f6ta lilla Bertil har nu f\u00e5tt komma till sitt f\u00f6ralltidhem! ? Vi \u00f6nskar dig lycka till!<\/p>\n\n\n\n<pre class=\"wp-block-verse\"><\/pre>\n\n\n\n<p>Jag \u00e4r en kille p\u00e5 3 m\u00e5nader och \u00e4r ett av totalt sex syskon. Jag och mina syskon bor tillsammans i ett av jourhemmen. <\/p>\n\n\n\n<p><\/p>\n\n\n\n<p>Jag \u00e4lskar att leka med mina syskon och min favoritleksak \u00e4r absolut de d\u00e4r roliga prasselbollarna. Jag \u00e4r fortfarande lite skeptisk n\u00e4r det g\u00e4ller de d\u00e4r m\u00e4nniskorna men k\u00e4nner \u00e4nd\u00e5 att jag v\u00e5gar mer och mer, speciellt om n\u00e5gon av mina syskon \u00e4r i n\u00e4rheten.<\/p>\n\n\n\n<pre class=\"wp-block-verse\"><\/pre>\n\n\n\n<p><strong>Bertil<\/strong> \u00e4r:<\/p>\n\n\n\n<pre class=\"wp-block-verse\"><\/pre>\n\n\n\n<p>? <strong>Flyttklar tidigast vecka 38<\/strong><\/p>\n\n\n\n<p>? Chipm\u00e4rkt<\/p>\n\n\n\n<p>? Vaccinerad<\/p>\n\n\n\n<p>? Avmaskad<\/p>\n\n\n\n<pre class=\"wp-block-verse\"><\/pre>\n\n\n\n<p>Adoptionsavgift: 1800:-<\/p>\n\n\n\n<pre class=\"wp-block-verse\"><\/pre>\n\n\n\n<p>\u00c4r&nbsp;<strong>Bertil<\/strong>&nbsp;katten f\u00f6r dig? Skicka in din intresseanm\u00e4lan till oss! \u2b07\ufe0f<\/p>\n","protected":false},"excerpt":{"rendered":"<p>S\u00f6ta lilla Bertil har nu f\u00e5tt komma till sitt f\u00f6ralltidhem! ? Vi \u00f6nskar dig lycka till! Jag \u00e4r en kille p\u00e5 3 m\u00e5nader och \u00e4r ett av totalt sex syskon. Jag och mina syskon bor tillsammans i ett av jourhemmen. Jag \u00e4lskar att leka med mina syskon och min favoritleksak \u00e4r absolut de d\u00e4r roliga prasselbollarna. Jag \u00e4r fortfarande lite skeptisk n\u00e4r det g\u00e4ller de d\u00e4r m\u00e4nniskorna men k\u00e4nner \u00e4nd\u00e5&hellip;<\/p>\n<p><a class=\"more-link\" href=\"https:\/\/www.djurskyddet.se\/landskrona\/senaste-nytt\/bertil\/\" title=\"Continue reading &lsquo;Bertil&rsquo;\">L&auml;s mer<span class=\"meta-nav\">&raquo;<\/span><\/a><\/p>\n","protected":false},"author":27,"featured_media":9608,"comment_status":"closed","ping_status":"open","sticky":false,"template":"","format":"standard","meta":{"_acf_changed":false,"footnotes":""},"categories":[18],"tags":[],"class_list":["post-9622","post","type-post","status-publish","format-standard","has-post-thumbnail","hentry","category-senaste-nytt"],"acf":[],"_links":{"self":[{"href":"https:\/\/www.djurskyddet.se\/landskrona\/wp-json\/wp\/v2\/posts\/9622","targetHints":{"allow":["GET"]}}],"collection":[{"href":"https:\/\/www.djurskyddet.se\/landskrona\/wp-json\/wp\/v2\/posts"}],"about":[{"href":"https:\/\/www.djurskyddet.se\/landskrona\/wp-json\/wp\/v2\/types\/post"}],"author":[{"embeddable":true,"href":"https:\/\/www.djurskyddet.se\/landskrona\/wp-json\/wp\/v2\/users\/27"}],"replies":[{"embeddable":true,"href":"https:\/\/www.djurskyddet.se\/landskrona\/wp-json\/wp\/v2\/comments?post=9622"}],"version-history":[{"count":7,"href":"https:\/\/www.djurskyddet.se\/landskrona\/wp-json\/wp\/v2\/posts\/9622\/revisions"}],"predecessor-version":[{"id":9943,"href":"https:\/\/www.djurskyddet.se\/landskrona\/wp-json\/wp\/v2\/posts\/9622\/revisions\/9943"}],"wp:featuredmedia":[{"embeddable":true,"href":"https:\/\/www.djurskyddet.se\/landskrona\/wp-json\/wp\/v2\/media\/9608"}],"wp:attachment":[{"href":"https:\/\/www.djurskyddet.se\/landskrona\/wp-json\/wp\/v2\/media?parent=9622"}],"wp:term":[{"taxonomy":"category","embeddable":true,"href":"https:\/\/www.djurskyddet.se\/landskrona\/wp-json\/wp\/v2\/categories?post=9622"},{"taxonomy":"post_tag","embeddable":true,"href":"https:\/\/www.djurskyddet.se\/landskrona\/wp-json\/wp\/v2\/tags?post=9622"}],"curies":[{"name":"wp","href":"https:\/\/api.w.org\/{rel}","templated":true}]}}