{"id":9833,"date":"2023-10-08T11:50:17","date_gmt":"2023-10-08T11:50:17","guid":{"rendered":"https:\/\/www.djurskyddet.se\/landskrona\/?p=9833"},"modified":"2024-03-21T16:45:23","modified_gmt":"2024-03-21T16:45:23","slug":"nora-2","status":"publish","type":"post","link":"https:\/\/www.djurskyddet.se\/landskrona\/senaste-nytt\/nora-2\/","title":{"rendered":"Nora"},"content":{"rendered":"\n<figure class=\"wp-block-image size-medium\"><img loading=\"lazy\" decoding=\"async\" width=\"254\" height=\"300\" src=\"https:\/\/www.djurskyddet.se\/landskrona\/wp-content\/uploads\/sites\/22\/2023\/10\/Nora-254x300.jpeg\" alt=\"\" class=\"wp-image-9835\" srcset=\"https:\/\/www.djurskyddet.se\/landskrona\/wp-content\/uploads\/sites\/22\/2023\/10\/Nora-254x300.jpeg 254w, https:\/\/www.djurskyddet.se\/landskrona\/wp-content\/uploads\/sites\/22\/2023\/10\/Nora-768x907.jpeg 768w, https:\/\/www.djurskyddet.se\/landskrona\/wp-content\/uploads\/sites\/22\/2023\/10\/Nora-400x472.jpeg 400w, https:\/\/www.djurskyddet.se\/landskrona\/wp-content\/uploads\/sites\/22\/2023\/10\/Nora.jpeg 867w\" sizes=\"auto, (max-width: 254px) 100vw, 254px\" \/><\/figure>\n\n\n\n<p class=\"has-background\" style=\"background-color:#def5cf\">H\u00e4rliga Nora har flyttat till sitt f\u00f6ralltidhem! Vi \u00f6nskar dig lycka till! ?<\/p>\n\n\n\n<p>Jag heter Nora och \u00e4r en sk\u00f6ldpaddsf\u00e4rgad tjej p\u00e5 ca 2 \u00e5r. V\u00e4ldigt tillgiven \u00e4r jag och f\u00f6ljer dig som en liten hund. Jag \u00e4r pratglad, kelen och gillar att vara n\u00e4ra dig, men jag tycker inte om att bli buren. Men jag hoppar g\u00e4rna upp i s\u00e4ngen och ligger bredvid dig.<\/p>\n\n\n\n<p>Jag har en tjock p\u00e4ls som beh\u00f6ver omv\u00e5rdnad n\u00e5gra g\u00e5nger i veckan f\u00f6r att undvika s\u00e5dana d\u00e4r obehagliga tovor i p\u00e4lsen. S\u00e5 borsten\/kammen beh\u00f6ver tas fram med j\u00e4mna mellanrum.<\/p>\n\n\n\n<p>Jag har en tarmbakterie som g\u00f6r att jag m\u00e5ste \u00e4ta specialfoder (Hill&#8217;s Perfect Digestion) f\u00f6r att min mage ska m\u00e5 bra. Jag kan p\u00e5 grund av denna tarmbakterie inte bo tillsammans med andra katter, men hund g\u00e5r bra d\u00e5 bakterien inte \u00f6verf\u00f6rs till hundar.<\/p>\n\n\n\n<p>Jag har tidigare bott tillsammans med en sch\u00e4fer samt en mellanstor hund och det har fungerat alldeles utm\u00e4rkt.<\/p>\n\n\n\n<pre class=\"wp-block-verse\"><\/pre>\n\n\n\n<p><strong>Nora<\/strong> \u00e4r:<\/p>\n\n\n\n<p>? Kastrerad<\/p>\n\n\n\n<p>? Chipm\u00e4rkt<\/p>\n\n\n\n<p>? Vaccinerad<\/p>\n\n\n\n<p>? <strong>Kan ej bo tillsammans med andra katter<\/strong><\/p>\n\n\n\n<p>? Kan bo tillsammans med hund<\/p>\n\n\n\n<pre class=\"wp-block-verse\"><\/pre>\n\n\n\n<p>Adoptionsavgift: 1800:-<\/p>\n\n\n\n<pre class=\"wp-block-verse\"><\/pre>\n\n\n\n<p>\u00c4r&nbsp;<strong>Nora<\/strong>&nbsp;katten f\u00f6r dig? Skicka in din intresseanm\u00e4lan till oss! \u2b07\ufe0f<\/p>\n\n\n\n<p><\/p>\n\n\n\n<p><\/p>\n","protected":false},"excerpt":{"rendered":"<p>H\u00e4rliga Nora har flyttat till sitt f\u00f6ralltidhem! Vi \u00f6nskar dig lycka till! ? Jag heter Nora och \u00e4r en sk\u00f6ldpaddsf\u00e4rgad tjej p\u00e5 ca 2 \u00e5r. V\u00e4ldigt tillgiven \u00e4r jag och f\u00f6ljer dig som en liten hund. Jag \u00e4r pratglad, kelen och gillar att vara n\u00e4ra dig, men jag tycker inte om att bli buren. Men jag hoppar g\u00e4rna upp i s\u00e4ngen och ligger bredvid dig. Jag har en tjock p\u00e4ls&hellip;<\/p>\n<p><a class=\"more-link\" href=\"https:\/\/www.djurskyddet.se\/landskrona\/senaste-nytt\/nora-2\/\" title=\"Continue reading &lsquo;Nora&rsquo;\">L&auml;s mer<span class=\"meta-nav\">&raquo;<\/span><\/a><\/p>\n","protected":false},"author":27,"featured_media":9835,"comment_status":"closed","ping_status":"open","sticky":false,"template":"","format":"standard","meta":{"_acf_changed":false,"footnotes":""},"categories":[18],"tags":[],"class_list":["post-9833","post","type-post","status-publish","format-standard","has-post-thumbnail","hentry","category-senaste-nytt"],"acf":[],"_links":{"self":[{"href":"https:\/\/www.djurskyddet.se\/landskrona\/wp-json\/wp\/v2\/posts\/9833","targetHints":{"allow":["GET"]}}],"collection":[{"href":"https:\/\/www.djurskyddet.se\/landskrona\/wp-json\/wp\/v2\/posts"}],"about":[{"href":"https:\/\/www.djurskyddet.se\/landskrona\/wp-json\/wp\/v2\/types\/post"}],"author":[{"embeddable":true,"href":"https:\/\/www.djurskyddet.se\/landskrona\/wp-json\/wp\/v2\/users\/27"}],"replies":[{"embeddable":true,"href":"https:\/\/www.djurskyddet.se\/landskrona\/wp-json\/wp\/v2\/comments?post=9833"}],"version-history":[{"count":5,"href":"https:\/\/www.djurskyddet.se\/landskrona\/wp-json\/wp\/v2\/posts\/9833\/revisions"}],"predecessor-version":[{"id":10639,"href":"https:\/\/www.djurskyddet.se\/landskrona\/wp-json\/wp\/v2\/posts\/9833\/revisions\/10639"}],"wp:featuredmedia":[{"embeddable":true,"href":"https:\/\/www.djurskyddet.se\/landskrona\/wp-json\/wp\/v2\/media\/9835"}],"wp:attachment":[{"href":"https:\/\/www.djurskyddet.se\/landskrona\/wp-json\/wp\/v2\/media?parent=9833"}],"wp:term":[{"taxonomy":"category","embeddable":true,"href":"https:\/\/www.djurskyddet.se\/landskrona\/wp-json\/wp\/v2\/categories?post=9833"},{"taxonomy":"post_tag","embeddable":true,"href":"https:\/\/www.djurskyddet.se\/landskrona\/wp-json\/wp\/v2\/tags?post=9833"}],"curies":[{"name":"wp","href":"https:\/\/api.w.org\/{rel}","templated":true}]}}