{"id":9841,"date":"2023-10-08T12:06:27","date_gmt":"2023-10-08T12:06:27","guid":{"rendered":"https:\/\/www.djurskyddet.se\/landskrona\/?p=9841"},"modified":"2023-11-24T07:15:47","modified_gmt":"2023-11-24T07:15:47","slug":"dutten","status":"publish","type":"post","link":"https:\/\/www.djurskyddet.se\/landskrona\/senaste-nytt\/dutten\/","title":{"rendered":"Dutten"},"content":{"rendered":"\n<figure class=\"wp-block-image size-full\"><img loading=\"lazy\" decoding=\"async\" width=\"1024\" height=\"986\" src=\"https:\/\/www.djurskyddet.se\/landskrona\/wp-content\/uploads\/sites\/22\/2023\/10\/Dutten.jpeg\" alt=\"\" class=\"wp-image-9834\" srcset=\"https:\/\/www.djurskyddet.se\/landskrona\/wp-content\/uploads\/sites\/22\/2023\/10\/Dutten.jpeg 1024w, https:\/\/www.djurskyddet.se\/landskrona\/wp-content\/uploads\/sites\/22\/2023\/10\/Dutten-300x289.jpeg 300w, https:\/\/www.djurskyddet.se\/landskrona\/wp-content\/uploads\/sites\/22\/2023\/10\/Dutten-768x740.jpeg 768w, https:\/\/www.djurskyddet.se\/landskrona\/wp-content\/uploads\/sites\/22\/2023\/10\/Dutten-400x385.jpeg 400w\" sizes=\"auto, (max-width: 1024px) 100vw, 1024px\" \/><\/figure>\n\n\n\n<p class=\"has-background\" style=\"background-color:#def5cf\">S\u00f6ta Dutten har nu hittat sitt f\u00f6ralltidhem! Lycka till v\u00e4nnen! ?<\/p>\n\n\n\n<p>Jag heter Dutten och \u00e4r en kille p\u00e5 1 \u00e5r. N\u00e4r jag f\u00f6rst kom till mitt jourhem var jag liten och skygg. Det har tagit mig l\u00e5ng tid innan jag v\u00e5gat lita p\u00e5 de d\u00e4r m\u00e4nniskorna. Till en b\u00f6rjan tyckte jag det var s\u00e4krast att bara fr\u00e4sa \u00e5t dem och inte l\u00e5ta dem komma n\u00e4ra. Men nu har jag vant mig vid dem och tycker att det \u00e4r okej att de klappar lite p\u00e5 mig n\u00e4r jag \u00e4ter. D\u00e4remot vill jag hela tiden vara med s\u00e5 att man inte missar n\u00e5got och jag k\u00e4nner p\u00e5 mig att jag snart kan lita fullt ut p\u00e5 m\u00e4nniskorna.<\/p>\n\n\n\n<p>Jag gillar att ligga h\u00f6gt uppe och ligger jag i mitt torn s\u00e5 vill jag g\u00e4rna vara ifred. Men n\u00e4r det \u00e4r lekdags s\u00e5 \u00e4r jag absolut med. Det ska vara bollar, bollar, bollar och \u00e5ter bollar. Man kan s\u00e4ga att jag \u00e4r lite tokig i bollar. Det ska g\u00e4rna vara h\u00e5rda bollar eller studsbollar.<\/p>\n\n\n\n<p>Jag \u00e4r l\u00e5g i rang och \u00e4r v\u00e4ldigt \u00f6dmjuk mot andra djur, b\u00e5de hundar och katter. <\/p>\n\n\n\n<pre class=\"wp-block-verse\"><\/pre>\n\n\n\n<p><strong>Dutten<\/strong> \u00e4r:<\/p>\n\n\n\n<p>? Kastrerad<\/p>\n\n\n\n<p>? Chipm\u00e4rkt<\/p>\n\n\n\n<p>? Vaccinerad<\/p>\n\n\n\n<pre class=\"wp-block-verse\"><\/pre>\n\n\n\n<p>Adoptionsavgift: 1800:-<\/p>\n\n\n\n<pre class=\"wp-block-verse\"><\/pre>\n\n\n\n<p>\u00c4r&nbsp;<strong>Dutten<\/strong>&nbsp;katten f\u00f6r dig? Skicka in din intresseanm\u00e4lan till oss! \u2b07\ufe0f<\/p>\n","protected":false},"excerpt":{"rendered":"<p>S\u00f6ta Dutten har nu hittat sitt f\u00f6ralltidhem! Lycka till v\u00e4nnen! ? Jag heter Dutten och \u00e4r en kille p\u00e5 1 \u00e5r. N\u00e4r jag f\u00f6rst kom till mitt jourhem var jag liten och skygg. Det har tagit mig l\u00e5ng tid innan jag v\u00e5gat lita p\u00e5 de d\u00e4r m\u00e4nniskorna. Till en b\u00f6rjan tyckte jag det var s\u00e4krast att bara fr\u00e4sa \u00e5t dem och inte l\u00e5ta dem komma n\u00e4ra. Men nu har jag&hellip;<\/p>\n<p><a class=\"more-link\" href=\"https:\/\/www.djurskyddet.se\/landskrona\/senaste-nytt\/dutten\/\" title=\"Continue reading &lsquo;Dutten&rsquo;\">L&auml;s mer<span class=\"meta-nav\">&raquo;<\/span><\/a><\/p>\n","protected":false},"author":27,"featured_media":9834,"comment_status":"closed","ping_status":"open","sticky":false,"template":"","format":"standard","meta":{"_acf_changed":false,"footnotes":""},"categories":[18],"tags":[],"class_list":["post-9841","post","type-post","status-publish","format-standard","has-post-thumbnail","hentry","category-senaste-nytt"],"acf":[],"_links":{"self":[{"href":"https:\/\/www.djurskyddet.se\/landskrona\/wp-json\/wp\/v2\/posts\/9841","targetHints":{"allow":["GET"]}}],"collection":[{"href":"https:\/\/www.djurskyddet.se\/landskrona\/wp-json\/wp\/v2\/posts"}],"about":[{"href":"https:\/\/www.djurskyddet.se\/landskrona\/wp-json\/wp\/v2\/types\/post"}],"author":[{"embeddable":true,"href":"https:\/\/www.djurskyddet.se\/landskrona\/wp-json\/wp\/v2\/users\/27"}],"replies":[{"embeddable":true,"href":"https:\/\/www.djurskyddet.se\/landskrona\/wp-json\/wp\/v2\/comments?post=9841"}],"version-history":[{"count":7,"href":"https:\/\/www.djurskyddet.se\/landskrona\/wp-json\/wp\/v2\/posts\/9841\/revisions"}],"predecessor-version":[{"id":10035,"href":"https:\/\/www.djurskyddet.se\/landskrona\/wp-json\/wp\/v2\/posts\/9841\/revisions\/10035"}],"wp:featuredmedia":[{"embeddable":true,"href":"https:\/\/www.djurskyddet.se\/landskrona\/wp-json\/wp\/v2\/media\/9834"}],"wp:attachment":[{"href":"https:\/\/www.djurskyddet.se\/landskrona\/wp-json\/wp\/v2\/media?parent=9841"}],"wp:term":[{"taxonomy":"category","embeddable":true,"href":"https:\/\/www.djurskyddet.se\/landskrona\/wp-json\/wp\/v2\/categories?post=9841"},{"taxonomy":"post_tag","embeddable":true,"href":"https:\/\/www.djurskyddet.se\/landskrona\/wp-json\/wp\/v2\/tags?post=9841"}],"curies":[{"name":"wp","href":"https:\/\/api.w.org\/{rel}","templated":true}]}}