{"id":9875,"date":"2023-10-09T09:42:58","date_gmt":"2023-10-09T09:42:58","guid":{"rendered":"https:\/\/www.djurskyddet.se\/landskrona\/?p=9875"},"modified":"2024-01-21T20:54:06","modified_gmt":"2024-01-21T20:54:06","slug":"gusten-3","status":"publish","type":"post","link":"https:\/\/www.djurskyddet.se\/landskrona\/senaste-nytt\/gusten-3\/","title":{"rendered":"Gusten"},"content":{"rendered":"\n<figure class=\"wp-block-image size-medium\"><img loading=\"lazy\" decoding=\"async\" width=\"250\" height=\"300\" src=\"https:\/\/www.djurskyddet.se\/landskrona\/wp-content\/uploads\/sites\/22\/2023\/10\/Gusten-250x300.jpg\" alt=\"\" class=\"wp-image-9876\" srcset=\"https:\/\/www.djurskyddet.se\/landskrona\/wp-content\/uploads\/sites\/22\/2023\/10\/Gusten-250x300.jpg 250w, https:\/\/www.djurskyddet.se\/landskrona\/wp-content\/uploads\/sites\/22\/2023\/10\/Gusten-768x920.jpg 768w, https:\/\/www.djurskyddet.se\/landskrona\/wp-content\/uploads\/sites\/22\/2023\/10\/Gusten-400x479.jpg 400w, https:\/\/www.djurskyddet.se\/landskrona\/wp-content\/uploads\/sites\/22\/2023\/10\/Gusten.jpg 855w\" sizes=\"auto, (max-width: 250px) 100vw, 250px\" \/><\/figure>\n\n\n\n<p class=\"has-background\" style=\"background-color:#def5cf\">Gusten har kommit till sitt f\u00f6ralltidhem! Lycka till fina killen! ?<\/p>\n\n\n\n<p>Jag heter Gusten och \u00e4r en v\u00e4ldigt gosig kille p\u00e5 4 \u00e5r. Jag \u00e4lskar mina m\u00e4nniskor och vill g\u00e4rna bli klappad och s\u00f6ker g\u00e4rna upp dig f\u00f6r att vi ska gosa. D\u00e4r du \u00e4r \u00e4r jag!<\/p>\n\n\n\n<p>Jag har en busig sida och leker mer \u00e4n g\u00e4rna men det b\u00e4st jag vet \u00e4r \u00e4nd\u00e5 att ligga och mysa i solen p\u00e5 balkongen. Detta g\u00f6r jag g\u00e4rna fr\u00e5n tidig v\u00e5r fram till h\u00f6sten. Man kan kalla mig f\u00f6r en riktig &#8221;solkatt&#8221;.<\/p>\n\n\n\n<p>Jag har testat p\u00e5 att \u00e4ta s\u00e5dana d\u00e4r h\u00e5rsnoddar och det blev inte s\u00e5 bra, s\u00e5 jag fick \u00e5ka till veterin\u00e4ren. Men det fixade ju s\u00e5klart den sn\u00e4lla veterin\u00e4ren. <\/p>\n\n\n\n<p>N\u00e4r det \u00e4r matdags blir jag serverad specialfoder (Urinary) vilket har hj\u00e4lpt mig bra, s\u00e5 nu har jag inte l\u00e4ngre n\u00e5gra bekymmer.<\/p>\n\n\n\n<p>Gusten finns i Lund.<\/p>\n\n\n\n<pre class=\"wp-block-verse\"><\/pre>\n\n\n\n<p><strong>Gusten<\/strong> \u00e4r:<\/p>\n\n\n\n<p>? Kastrerad<\/p>\n\n\n\n<p>? Chipm\u00e4rkt<\/p>\n\n\n\n<p>? Vaccinerad<\/p>\n\n\n\n<pre class=\"wp-block-verse\"><\/pre>\n\n\n\n<p>Adoptionsavgift: 1800:-<\/p>\n\n\n\n<pre class=\"wp-block-verse\"><\/pre>\n\n\n\n<p>\u00c4r&nbsp;<strong>Gusten<\/strong>&nbsp;katten f\u00f6r dig? Skicka in din intresseanm\u00e4lan till oss! \u2b07\ufe0f<\/p>\n","protected":false},"excerpt":{"rendered":"<p>Gusten har kommit till sitt f\u00f6ralltidhem! Lycka till fina killen! ? Jag heter Gusten och \u00e4r en v\u00e4ldigt gosig kille p\u00e5 4 \u00e5r. Jag \u00e4lskar mina m\u00e4nniskor och vill g\u00e4rna bli klappad och s\u00f6ker g\u00e4rna upp dig f\u00f6r att vi ska gosa. D\u00e4r du \u00e4r \u00e4r jag! Jag har en busig sida och leker mer \u00e4n g\u00e4rna men det b\u00e4st jag vet \u00e4r \u00e4nd\u00e5 att ligga och mysa i solen&hellip;<\/p>\n<p><a class=\"more-link\" href=\"https:\/\/www.djurskyddet.se\/landskrona\/senaste-nytt\/gusten-3\/\" title=\"Continue reading &lsquo;Gusten&rsquo;\">L&auml;s mer<span class=\"meta-nav\">&raquo;<\/span><\/a><\/p>\n","protected":false},"author":27,"featured_media":9876,"comment_status":"closed","ping_status":"open","sticky":false,"template":"","format":"standard","meta":{"_acf_changed":false,"footnotes":""},"categories":[18],"tags":[],"class_list":["post-9875","post","type-post","status-publish","format-standard","has-post-thumbnail","hentry","category-senaste-nytt"],"acf":[],"_links":{"self":[{"href":"https:\/\/www.djurskyddet.se\/landskrona\/wp-json\/wp\/v2\/posts\/9875","targetHints":{"allow":["GET"]}}],"collection":[{"href":"https:\/\/www.djurskyddet.se\/landskrona\/wp-json\/wp\/v2\/posts"}],"about":[{"href":"https:\/\/www.djurskyddet.se\/landskrona\/wp-json\/wp\/v2\/types\/post"}],"author":[{"embeddable":true,"href":"https:\/\/www.djurskyddet.se\/landskrona\/wp-json\/wp\/v2\/users\/27"}],"replies":[{"embeddable":true,"href":"https:\/\/www.djurskyddet.se\/landskrona\/wp-json\/wp\/v2\/comments?post=9875"}],"version-history":[{"count":21,"href":"https:\/\/www.djurskyddet.se\/landskrona\/wp-json\/wp\/v2\/posts\/9875\/revisions"}],"predecessor-version":[{"id":10139,"href":"https:\/\/www.djurskyddet.se\/landskrona\/wp-json\/wp\/v2\/posts\/9875\/revisions\/10139"}],"wp:featuredmedia":[{"embeddable":true,"href":"https:\/\/www.djurskyddet.se\/landskrona\/wp-json\/wp\/v2\/media\/9876"}],"wp:attachment":[{"href":"https:\/\/www.djurskyddet.se\/landskrona\/wp-json\/wp\/v2\/media?parent=9875"}],"wp:term":[{"taxonomy":"category","embeddable":true,"href":"https:\/\/www.djurskyddet.se\/landskrona\/wp-json\/wp\/v2\/categories?post=9875"},{"taxonomy":"post_tag","embeddable":true,"href":"https:\/\/www.djurskyddet.se\/landskrona\/wp-json\/wp\/v2\/tags?post=9875"}],"curies":[{"name":"wp","href":"https:\/\/api.w.org\/{rel}","templated":true}]}}