{"id":9990,"date":"2023-11-03T11:30:05","date_gmt":"2023-11-03T11:30:05","guid":{"rendered":"https:\/\/www.djurskyddet.se\/landskrona\/?p=9990"},"modified":"2024-05-14T18:10:24","modified_gmt":"2024-05-14T18:10:24","slug":"cesar","status":"publish","type":"post","link":"https:\/\/www.djurskyddet.se\/landskrona\/senaste-nytt\/cesar\/","title":{"rendered":"Cesar"},"content":{"rendered":"\n<figure class=\"wp-block-image size-medium\"><img loading=\"lazy\" decoding=\"async\" width=\"224\" height=\"300\" src=\"https:\/\/www.djurskyddet.se\/landskrona\/wp-content\/uploads\/sites\/22\/2023\/11\/Cesar-224x300.jpeg\" alt=\"\" class=\"wp-image-10001\" srcset=\"https:\/\/www.djurskyddet.se\/landskrona\/wp-content\/uploads\/sites\/22\/2023\/11\/Cesar-224x300.jpeg 224w, https:\/\/www.djurskyddet.se\/landskrona\/wp-content\/uploads\/sites\/22\/2023\/11\/Cesar-400x535.jpeg 400w, https:\/\/www.djurskyddet.se\/landskrona\/wp-content\/uploads\/sites\/22\/2023\/11\/Cesar.jpeg 766w\" sizes=\"auto, (max-width: 224px) 100vw, 224px\" \/><\/figure>\n\n\n\n<p class=\"has-background\" style=\"background-color:#def5cf\">Lilla s\u00f6ta Cesar har flyttat till sitt f\u00f6ralltidhem! Lycka till killen ?<\/p>\n\n\n\n<p><\/p>\n\n\n\n<p>Jag heter Cesar och \u00e4r 9 \u00e5r gammal och \u00e4r en tillgiven herre som tycker om att mysa med m\u00e4nniskor. Jag ligger g\u00e4rna i ditt kn\u00e4 s\u00e5 ofta jag kan och vill vara d\u00e4r du \u00e4r.<br>Det \u00e4r alltid kul och sp\u00e4nnande n\u00e4r det kommer nya m\u00e4nniskor p\u00e5 bes\u00f6k, s\u00e4rskilt n\u00e4r de ger mig uppm\u00e4rksamhet och kel.<\/p>\n\n\n\n<p><br>Jag vill g\u00e4rna leka och g\u00e4rna tillsammans med m\u00e4nniskorna. Mina favoritleksaker \u00e4r leksaksm\u00f6ss och du vet den d\u00e4r fj\u00e4dern som sitter fast i ett sn\u00f6re p\u00e5 en pinne&#8230;.den \u00e4r kul.<br>Jag tycker mycket om mat och f\u00f6r mitt eget b\u00e4sta s\u00e5 \u00e4r det bra med fasta mattider. Torrfoder, bl\u00f6tmat och kattgodis, ja det mesta g\u00e5r hem hos mig.<\/p>\n\n\n\n<p><br>N\u00e4r jag blir tr\u00f6tt tycker jag om att sova i sm\u00e5 kojor. Jag vill ocks\u00e5 g\u00e4rna ha en sovplats framf\u00f6r f\u00f6nstret d\u00e4r jag kan vila i solen och samtidigt titta ut.<br>Jag trivs bra som ensamkatt, men skulle kunna bo tillsammans med en annan trevlig katt. Jag \u00e4r van vid att vara innekatt.<\/p>\n\n\n\n<p><br>Jag letar efter ett tryggt hem d\u00e4r jag f\u00e5r mycket n\u00e4rhet och kan k\u00e4nna mig som en i familjen.<\/p>\n\n\n\n<pre class=\"wp-block-verse\"><\/pre>\n\n\n\n<p><strong>Cesar<\/strong> \u00e4r:<\/p>\n\n\n\n<p>? Kastrerad<\/p>\n\n\n\n<p>? Chipm\u00e4rkt<\/p>\n\n\n\n<p>? Vaccinerad<\/p>\n\n\n\n<pre class=\"wp-block-verse\"><\/pre>\n\n\n\n<p>Adoptionsavgift: 1800:-<\/p>\n\n\n\n<pre class=\"wp-block-verse\"><\/pre>\n\n\n\n<p>\u00c4r&nbsp;<strong>Cesar<\/strong>&nbsp;katten f\u00f6r dig? Skicka in din intresseanm\u00e4lan till oss! \u2b07\ufe0f<\/p>\n","protected":false},"excerpt":{"rendered":"<p>Lilla s\u00f6ta Cesar har flyttat till sitt f\u00f6ralltidhem! Lycka till killen ? Jag heter Cesar och \u00e4r 9 \u00e5r gammal och \u00e4r en tillgiven herre som tycker om att mysa med m\u00e4nniskor. Jag ligger g\u00e4rna i ditt kn\u00e4 s\u00e5 ofta jag kan och vill vara d\u00e4r du \u00e4r.Det \u00e4r alltid kul och sp\u00e4nnande n\u00e4r det kommer nya m\u00e4nniskor p\u00e5 bes\u00f6k, s\u00e4rskilt n\u00e4r de ger mig uppm\u00e4rksamhet och kel. Jag vill&hellip;<\/p>\n<p><a class=\"more-link\" href=\"https:\/\/www.djurskyddet.se\/landskrona\/senaste-nytt\/cesar\/\" title=\"Continue reading &lsquo;Cesar&rsquo;\">L&auml;s mer<span class=\"meta-nav\">&raquo;<\/span><\/a><\/p>\n","protected":false},"author":27,"featured_media":10001,"comment_status":"closed","ping_status":"open","sticky":false,"template":"","format":"standard","meta":{"_acf_changed":false,"footnotes":""},"categories":[18],"tags":[],"class_list":["post-9990","post","type-post","status-publish","format-standard","has-post-thumbnail","hentry","category-senaste-nytt"],"acf":[],"_links":{"self":[{"href":"https:\/\/www.djurskyddet.se\/landskrona\/wp-json\/wp\/v2\/posts\/9990","targetHints":{"allow":["GET"]}}],"collection":[{"href":"https:\/\/www.djurskyddet.se\/landskrona\/wp-json\/wp\/v2\/posts"}],"about":[{"href":"https:\/\/www.djurskyddet.se\/landskrona\/wp-json\/wp\/v2\/types\/post"}],"author":[{"embeddable":true,"href":"https:\/\/www.djurskyddet.se\/landskrona\/wp-json\/wp\/v2\/users\/27"}],"replies":[{"embeddable":true,"href":"https:\/\/www.djurskyddet.se\/landskrona\/wp-json\/wp\/v2\/comments?post=9990"}],"version-history":[{"count":14,"href":"https:\/\/www.djurskyddet.se\/landskrona\/wp-json\/wp\/v2\/posts\/9990\/revisions"}],"predecessor-version":[{"id":10768,"href":"https:\/\/www.djurskyddet.se\/landskrona\/wp-json\/wp\/v2\/posts\/9990\/revisions\/10768"}],"wp:featuredmedia":[{"embeddable":true,"href":"https:\/\/www.djurskyddet.se\/landskrona\/wp-json\/wp\/v2\/media\/10001"}],"wp:attachment":[{"href":"https:\/\/www.djurskyddet.se\/landskrona\/wp-json\/wp\/v2\/media?parent=9990"}],"wp:term":[{"taxonomy":"category","embeddable":true,"href":"https:\/\/www.djurskyddet.se\/landskrona\/wp-json\/wp\/v2\/categories?post=9990"},{"taxonomy":"post_tag","embeddable":true,"href":"https:\/\/www.djurskyddet.se\/landskrona\/wp-json\/wp\/v2\/tags?post=9990"}],"curies":[{"name":"wp","href":"https:\/\/api.w.org\/{rel}","templated":true}]}}